{"id":24492,"date":"2023-07-28T17:04:56","date_gmt":"2023-07-28T20:04:56","guid":{"rendered":"https:\/\/chacosintesis.com.ar\/?p=24492"},"modified":"2023-07-28T17:08:05","modified_gmt":"2023-07-28T20:08:05","slug":"niremperger-el-plan-de-vuelo-tenia-registrado-dos-aeropuertos-de-bolivia-por-lo-tanto-el-haber-pasado-la-frontera-significaria-un-vuelo-irregular","status":"publish","type":"post","link":"https:\/\/chacosintesis.com.ar\/index.php\/niremperger-el-plan-de-vuelo-tenia-registrado-dos-aeropuertos-de-bolivia-por-lo-tanto-el-haber-pasado-la-frontera-significaria-un-vuelo-irregular\/","title":{"rendered":"Niremperger: \u201cEl plan de vuelo ten\u00eda registrado dos aeropuertos de Bolivia, por lo tanto, el haber pasado la frontera significar\u00eda un vuelo irregular\u201d"},"content":{"rendered":"<p>La jueza federal de Resistencia habl\u00f3 sobre los avances en la causa por la avioneta narco ca\u00edda en Avia Terai. Hasta el momento se encuentran dos personas detenidas. La semana que viene tomar\u00e1n contacto con las autoridades bolivianas para ver qu\u00e9 datos pueden aportar.<br \/>\nZunilda Niremperger, jueza federal de Resistencia, dialog\u00f3 con Radio Provincia del Chaco sobre los avances en la causa por la avioneta narco ca\u00edda en Avia Terai el 18 de julio e inform\u00f3 que se encuentran \u201cen los primeros movimientos\u201d de la investigaci\u00f3n. Cabe destacar que el pasado mi\u00e9rcoles 26, la Fiscal\u00eda Federal de S\u00e1enz Pe\u00f1a declin\u00f3 su competencia dado que el caso estar\u00eda vinculado con una investigaci\u00f3n ya abierta hace dos a\u00f1os.<br \/>\nEn este sentido, Niremperger inform\u00f3: \u201cSe pudo conocer que: la nave era de matr\u00edcula boliviana, no era robada, hab\u00eda sido transferida a una persona en abril y que ten\u00eda un plan de vuelo en la fecha que fue encontrada\u201d. Asimismo, se\u00f1al\u00f3 que \u201cel plan de vuelo ten\u00eda registrado dos aeropuertos de Bolivia, por lo tanto, el haber pasado la frontera significar\u00eda un vuelo irregular, un plan no identificado\u201d.<br \/>\nSiguiendo por la misma l\u00ednea, la jueza explic\u00f3 que se encuentran detenidos tanto el propietario de la nave como el piloto registrado. Ante las hip\u00f3tesis que circulan sobre si estas personas eran las que estaban en la avioneta, Niremperger dijo: \u201cYo no le puedo asegurar eso, pero suponemos que no porque se habla que qui\u00e9n baj\u00f3 de la nave era un masculino y un femenino\u201d. No obstante, aclar\u00f3 que son \u201cs\u00f3lo suposiciones\u201d y que por ahora \u201cno tienen ese dato\u201d.<br \/>\nPor otra parte, sobre los informes de Polic\u00eda de Seguridad Aeroportuaria (PSA) y la Fuerza A\u00e9rea, dijo que no tienen \u201cdatos relevantes relacionados con este hecho con posterioridad\u201d. \u201cEstamos nuevamente comenzando a hacer determinadas medidas y a enfatizar algunas que se hab\u00edan hecho y que quedaron inconclusas\u201d, detall\u00f3. Asimismo, inform\u00f3 que la pr\u00f3xima semana tomar\u00e1n contacto con las autoridades bolivianas \u201cpara ver qu\u00e9 datos pueden aportar para clarificar el hecho que ocurri\u00f3 aqu\u00ed\u201d.<br \/>\nPor \u00faltimo, explic\u00f3 que est\u00e1n \u201cen los primeros movimientos\u201d desde el Juzgado y que depender\u00e1n de las medidas que pretenda la Fiscal\u00eda. Adem\u00e1s, resalt\u00f3 que existe tanto complejidad como falta de recursos para avanzar en la investigaci\u00f3n de manera eficiente. En ese sentido, aclar\u00f3 que las fuerzas de seguridad son las que investigan, la Fiscal\u00eda hace las imputaciones e insta las acciones, el juez dirige el proceso y ellos llevan adelante las medidas que solicitan. \u201cCualquier relaci\u00f3n de hechos concretos, hasta el momento, no lo ha planteado la Fiscal\u00eda. No est\u00e1 acreditado a nuestra causa un hecho concreto\u201d, concluy\u00f3.<br \/>\n&lt;<a href=\"http:\/\/www.avg.com\/email-signature?utm_medium=email&amp;utm_source=link&amp;utm_campaign=sig-email&amp;utm_content=webmail\">www.avg.com\/email-signature?utm_medium=email&amp;utm_source=link&amp;utm_campaign=sig-email&amp;utm_content=webmail<\/a>&gt; Libre de virus.www.avg.com &lt;<a href=\"http:\/\/www.avg.com\/email-signature?utm_medium=email&amp;utm_source=link&amp;utm_campaign=sig-email&amp;utm_content=webmail\">www.avg.com\/email-signature?utm_medium=email&amp;utm_source=link&amp;utm_campaign=sig-email&amp;utm_content=webmail<\/a>&gt; <\/p>\n","protected":false},"excerpt":{"rendered":"<p>La jueza federal de Resistencia habl\u00f3 sobre los avances en la causa por la avioneta narco ca\u00edda en Avia Terai. Hasta el momento se encuentran dos personas detenidas. La semana que viene tomar\u00e1n contacto con las autoridades bolivianas para ver qu\u00e9 datos pueden aportar. Zunilda Niremperger, jueza federal de Resistencia, dialog\u00f3 con Radio Provincia del [&hellip;]<\/p>\n","protected":false},"author":1,"featured_media":24493,"comment_status":"closed","ping_status":"closed","sticky":false,"template":"","format":"standard","meta":{"footnotes":""},"categories":[6],"tags":[],"class_list":{"0":"post-24492","1":"post","2":"type-post","3":"status-publish","4":"format-standard","5":"has-post-thumbnail","7":"category-chaco"},"_links":{"self":[{"href":"https:\/\/chacosintesis.com.ar\/index.php\/wp-json\/wp\/v2\/posts\/24492","targetHints":{"allow":["GET"]}}],"collection":[{"href":"https:\/\/chacosintesis.com.ar\/index.php\/wp-json\/wp\/v2\/posts"}],"about":[{"href":"https:\/\/chacosintesis.com.ar\/index.php\/wp-json\/wp\/v2\/types\/post"}],"author":[{"embeddable":true,"href":"https:\/\/chacosintesis.com.ar\/index.php\/wp-json\/wp\/v2\/users\/1"}],"replies":[{"embeddable":true,"href":"https:\/\/chacosintesis.com.ar\/index.php\/wp-json\/wp\/v2\/comments?post=24492"}],"version-history":[{"count":0,"href":"https:\/\/chacosintesis.com.ar\/index.php\/wp-json\/wp\/v2\/posts\/24492\/revisions"}],"wp:featuredmedia":[{"embeddable":true,"href":"https:\/\/chacosintesis.com.ar\/index.php\/wp-json\/wp\/v2\/media\/24493"}],"wp:attachment":[{"href":"https:\/\/chacosintesis.com.ar\/index.php\/wp-json\/wp\/v2\/media?parent=24492"}],"wp:term":[{"taxonomy":"category","embeddable":true,"href":"https:\/\/chacosintesis.com.ar\/index.php\/wp-json\/wp\/v2\/categories?post=24492"},{"taxonomy":"post_tag","embeddable":true,"href":"https:\/\/chacosintesis.com.ar\/index.php\/wp-json\/wp\/v2\/tags?post=24492"}],"curies":[{"name":"wp","href":"https:\/\/api.w.org\/{rel}","templated":true}]}}