{"id":24490,"date":"2023-07-28T17:03:08","date_gmt":"2023-07-28T20:03:08","guid":{"rendered":"https:\/\/chacosintesis.com.ar\/?p=24490"},"modified":"2023-07-28T17:08:05","modified_gmt":"2023-07-28T20:08:05","slug":"velazquez-la-voluntad-politica-es-la-de-llevar-la-comunicacion-a-cada-hogar-institucion-o-espacio-publico-donde-pueda-repercutir-en-la-sociedad","status":"publish","type":"post","link":"https:\/\/chacosintesis.com.ar\/index.php\/velazquez-la-voluntad-politica-es-la-de-llevar-la-comunicacion-a-cada-hogar-institucion-o-espacio-publico-donde-pueda-repercutir-en-la-sociedad\/","title":{"rendered":"Vel\u00e1zquez: \u201cLa voluntad pol\u00edtica es la de llevar la comunicaci\u00f3n a cada hogar, instituci\u00f3n o espacio p\u00fablico donde pueda repercutir en la sociedad\u201d"},"content":{"rendered":"<p>El presidente de ECOM Chaco habl\u00f3 sobre la inauguraci\u00f3n del \u00faltimo tramo de la red de fibra \u00f3ptica en El Impenetrable. Se trata de 3.000 kil\u00f3metros de red que conectan a los 70 municipios con el objetivo de permitir el desarrollo integral de las telecomunicaciones en el noroeste provincial.<br \/>\nLucas Vel\u00e1zquez, presidente de ECOM Chaco, dialog\u00f3 con Radio Provincia del Chaco sobre la inauguraci\u00f3n del \u00faltimo tramo de la red de fibra \u00f3ptica en El Impenetrable. \u201cEsto viene desde el inicio de la gesti\u00f3n como una pol\u00edtica de Estado. Nosotros hab\u00edamos iniciado nuestro per\u00edodo con 2.300 kil\u00f3metros de fibra \u00f3ptica que hab\u00edan sido ejecutados desde el a\u00f1o 2011\u201d, expres\u00f3.<br \/>\nEn este sentido, la obra que cuenta con 350 kil\u00f3metros de extensi\u00f3n permitir\u00e1 el desarrollo integral de las telecomunicaciones en peque\u00f1as localidades de la zona, lo que garantiza el acceso a la conectividad de diversas comunidades. \u201cEn este a\u00f1o concluimos los 700 kil\u00f3metros que hacen a los 3.000 kil\u00f3metros de fibra \u00f3ptica en el tiempo de un a\u00f1o y medio. Estos \u00faltimos 350 kil\u00f3metros se comenzaron en enero y se termin\u00f3 esta semana que pas\u00f3\u201d, coment\u00f3 Vel\u00e1zquez.<br \/>\nSiguiendo por la misma l\u00ednea, el presidente de ECOM destac\u00f3 la importancia de que este tipo de obras se realicen con \u201cvoluntad pol\u00edtica y decisi\u00f3n\u201d, adem\u00e1s de resaltar los recursos y las capacidades de trabajo con las que cuenta la empresa para llevarlo a cabo. \u201cLa voluntad pol\u00edtica es la de llevar la comunicaci\u00f3n a cada hogar, instituci\u00f3n o espacio p\u00fablico donde pueda repercutir en la sociedad. Esto pone en valor, equilibro y equidad a todas las personas\u201d, manifest\u00f3.<br \/>\nPor otra parte, se refiri\u00f3 al avance en las conectividades y subray\u00f3 la importancia de la Red Capricornio, una iniciativa p\u00fablico-privada de car\u00e1cter federal que conforma m\u00e1s de 15.000 kil\u00f3metros de fibra \u00f3ptica para conectarse al mundo a trav\u00e9s de los cables submarinos, sin pasar por Buenos Aires. \u201cHoy con la infraestructura y la posici\u00f3n geogr\u00e1fica que tenemos, m\u00e1s las redes aleda\u00f1as a nosotros, se piensa en Capricornio como un n\u00facleo central porque te une a la provincia\u201d, se\u00f1al\u00f3.<br \/>\nPor \u00faltimo, expres\u00f3 que esta nueva extensi\u00f3n de fibra \u00f3ptica permitir\u00e1 ofrecer mayores coberturas que buscan solucionar las limitaciones de oferta y los problemas de servicio existentes en la zona. Asimismo, si bien resalt\u00f3 que los 3.000 kil\u00f3metros de red conectan a los 70 municipios, dijo que a\u00fan les falta un sector por cubrir. \u201cNos quedar\u00eda el tramo de 90 kil\u00f3metros de El Sauzalito hasta Fort\u00edn. Habr\u00eda que hacer un relevamiento y ver si es factible\u201d, concluy\u00f3.<br \/>\n&lt;<a href=\"http:\/\/www.avg.com\/email-signature?utm_medium=email&amp;utm_source=link&amp;utm_campaign=sig-email&amp;utm_content=webmail\">www.avg.com\/email-signature?utm_medium=email&amp;utm_source=link&amp;utm_campaign=sig-email&amp;utm_content=webmail<\/a>&gt; Libre de virus.www.avg.com &lt;<a href=\"http:\/\/www.avg.com\/email-signature?utm_medium=email&amp;utm_source=link&amp;utm_campaign=sig-email&amp;utm_content=webmail\">www.avg.com\/email-signature?utm_medium=email&amp;utm_source=link&amp;utm_campaign=sig-email&amp;utm_content=webmail<\/a>&gt; <\/p>\n","protected":false},"excerpt":{"rendered":"<p>El presidente de ECOM Chaco habl\u00f3 sobre la inauguraci\u00f3n del \u00faltimo tramo de la red de fibra \u00f3ptica en El Impenetrable. Se trata de 3.000 kil\u00f3metros de red que conectan a los 70 municipios con el objetivo de permitir el desarrollo integral de las telecomunicaciones en el noroeste provincial. Lucas Vel\u00e1zquez, presidente de ECOM Chaco, [&hellip;]<\/p>\n","protected":false},"author":1,"featured_media":24491,"comment_status":"closed","ping_status":"closed","sticky":false,"template":"","format":"standard","meta":{"footnotes":""},"categories":[6],"tags":[],"class_list":{"0":"post-24490","1":"post","2":"type-post","3":"status-publish","4":"format-standard","5":"has-post-thumbnail","7":"category-chaco"},"_links":{"self":[{"href":"https:\/\/chacosintesis.com.ar\/index.php\/wp-json\/wp\/v2\/posts\/24490","targetHints":{"allow":["GET"]}}],"collection":[{"href":"https:\/\/chacosintesis.com.ar\/index.php\/wp-json\/wp\/v2\/posts"}],"about":[{"href":"https:\/\/chacosintesis.com.ar\/index.php\/wp-json\/wp\/v2\/types\/post"}],"author":[{"embeddable":true,"href":"https:\/\/chacosintesis.com.ar\/index.php\/wp-json\/wp\/v2\/users\/1"}],"replies":[{"embeddable":true,"href":"https:\/\/chacosintesis.com.ar\/index.php\/wp-json\/wp\/v2\/comments?post=24490"}],"version-history":[{"count":0,"href":"https:\/\/chacosintesis.com.ar\/index.php\/wp-json\/wp\/v2\/posts\/24490\/revisions"}],"wp:featuredmedia":[{"embeddable":true,"href":"https:\/\/chacosintesis.com.ar\/index.php\/wp-json\/wp\/v2\/media\/24491"}],"wp:attachment":[{"href":"https:\/\/chacosintesis.com.ar\/index.php\/wp-json\/wp\/v2\/media?parent=24490"}],"wp:term":[{"taxonomy":"category","embeddable":true,"href":"https:\/\/chacosintesis.com.ar\/index.php\/wp-json\/wp\/v2\/categories?post=24490"},{"taxonomy":"post_tag","embeddable":true,"href":"https:\/\/chacosintesis.com.ar\/index.php\/wp-json\/wp\/v2\/tags?post=24490"}],"curies":[{"name":"wp","href":"https:\/\/api.w.org\/{rel}","templated":true}]}}