{"id":24488,"date":"2023-07-28T17:00:19","date_gmt":"2023-07-28T20:00:19","guid":{"rendered":"https:\/\/chacosintesis.com.ar\/?p=24488"},"modified":"2023-07-28T17:08:03","modified_gmt":"2023-07-28T20:08:03","slug":"caso-cecilia-la-proxima-semana-habra-audiencia-para-los-imputados","status":"publish","type":"post","link":"https:\/\/chacosintesis.com.ar\/index.php\/caso-cecilia-la-proxima-semana-habra-audiencia-para-los-imputados\/","title":{"rendered":"Caso Cecilia: la pr\u00f3xima semana habr\u00e1 audiencia para los imputados"},"content":{"rendered":"<p>Se esperan los resultados de ADN de las \u00faltimas muestras de sangre humana halladas en el veh\u00edculo de C\u00e9sar Sena.<br \/>\nLa semana que viene se retoma la actividad judicial, luego de la feria. No obstante, hubo distintas actuaciones por parte de la fiscal\u00eda, en las que se tomaron declaraciones testimoniales. En este sentido, declararon esta semana los testigos del casamiento de Cecilia Strzyzowski y C\u00e9sa Sena y m\u00e9dicos que atend\u00edan a ella. En la pr\u00f3xima semana, mi\u00e9rcoles y jueves, ser\u00e1n las audiencias de oposici\u00f3n para Emerenciano Sena y Marcela Acu\u00f1a, solicitadas por su anterior abogado Juan Carlos Saife. En relaci\u00f3n al pedido hubo un cambio de fecha ante el cambio de abogado.<br \/>\nEn esta ocasi\u00f3n, las defensas solicitar\u00edan la libertad de Emerenciano Sena al considerar que \u201cdentro de la investigaci\u00f3n que lleva adelante fiscal\u00eda no hay herramientas que determinen que \u00e9l tenga la imputaci\u00f3n que tiene actualmente\u201d.<br \/>\nPor otra parte, en las \u00faltimas horas trascendi\u00f3 una comunicaci\u00f3n entre Emerenciano Sena e integrantes de su movimiento. Ante esta situaci\u00f3n, la querella de Derechos Humanos y G\u00e9neros pidi\u00f3 a la fiscal\u00eda que Emerenciano est\u00e9 incomunicado, debido a que en la misma habr\u00eda dado \u201cdirectivas sobre c\u00f3mo actuar para marcar presiones en su libertad\u201d.<br \/>\nAdem\u00e1s, para los pr\u00f3ximos d\u00edas se esperan los resultados de ADN de las \u00faltimas muestras de sangre humana que fueron encontradas en el veh\u00edculo que manejaban C\u00e9sar Sena y Gustavo Obreg\u00f3n.<br \/>\nComunicado del Equipo Fiscal Especial<br \/>\nEl Equipo Fiscal Especial que trabaja en la causa explic\u00f3 que durante la semana concretaron declaraciones testimoniales previstas a los testigos del Casamiento de Cesar Sena y Cecilia Strzyzowski, tambi\u00e9n se orden\u00f3 la pericia gen\u00e9tica al IMCIF, sobre la muestra que dio positivo a sangre humana la cual fue extra\u00edda de la camioneta Toyota Hilux (de Cesar Sena).<br \/>\nFinalmente, la fiscal Nelia Vel\u00e1zquez inform\u00f3 que tienen en su poder el informe de EAAF (Equipo Argentino Forense) de C\u00f3rdoba el cual advierte; &#8220;la conclusi\u00f3n de los an\u00e1lisis gen\u00e9ticos, es la imposibilidad de obtener resultados de ADN de las muestras \u00f3seas y dentales estudiadas, ello teniendo presente que dichos elementos se encontraban en estado de carbonizaci\u00f3n a calcinados, condici\u00f3n que afecta severamente la conservaci\u00f3n de la piezas y limita la posibilidad de extracci\u00f3n de ADN de calidad\u201d.<br \/>\nAdem\u00e1s, aclararon que el \u00fanico medio de comunicaci\u00f3n oficial sobre la causa es el Equipo Fiscal Especial a cargo de la investigaci\u00f3n. Con respecto al pedido de los Querellantes, sobre  un audio que podr\u00eda pertenecer a Emerenciano Sena,  y ante la posible comisi\u00f3n de un delito de acci\u00f3n p\u00fablica,  se dispuso la formaci\u00f3n de una nueva causa a los efectos de la investigaci\u00f3n fiscal correspondiente.<br \/>\nFuente: Chaco TV y Prensa STJ<br \/>\n&lt;<a href=\"http:\/\/www.avg.com\/email-signature?utm_medium=email&amp;utm_source=link&amp;utm_campaign=sig-email&amp;utm_content=webmail\">www.avg.com\/email-signature?utm_medium=email&amp;utm_source=link&amp;utm_campaign=sig-email&amp;utm_content=webmail<\/a>&gt; Libre de virus.www.avg.com &lt;<a href=\"http:\/\/www.avg.com\/email-signature?utm_medium=email&amp;utm_source=link&amp;utm_campaign=sig-email&amp;utm_content=webmail\">www.avg.com\/email-signature?utm_medium=email&amp;utm_source=link&amp;utm_campaign=sig-email&amp;utm_content=webmail<\/a>&gt; <\/p>\n","protected":false},"excerpt":{"rendered":"<p>Se esperan los resultados de ADN de las \u00faltimas muestras de sangre humana halladas en el veh\u00edculo de C\u00e9sar Sena. La semana que viene se retoma la actividad judicial, luego de la feria. No obstante, hubo distintas actuaciones por parte de la fiscal\u00eda, en las que se tomaron declaraciones testimoniales. En este sentido, declararon esta [&hellip;]<\/p>\n","protected":false},"author":1,"featured_media":24489,"comment_status":"closed","ping_status":"closed","sticky":false,"template":"","format":"standard","meta":{"footnotes":""},"categories":[6],"tags":[],"class_list":{"0":"post-24488","1":"post","2":"type-post","3":"status-publish","4":"format-standard","5":"has-post-thumbnail","7":"category-chaco"},"_links":{"self":[{"href":"https:\/\/chacosintesis.com.ar\/index.php\/wp-json\/wp\/v2\/posts\/24488","targetHints":{"allow":["GET"]}}],"collection":[{"href":"https:\/\/chacosintesis.com.ar\/index.php\/wp-json\/wp\/v2\/posts"}],"about":[{"href":"https:\/\/chacosintesis.com.ar\/index.php\/wp-json\/wp\/v2\/types\/post"}],"author":[{"embeddable":true,"href":"https:\/\/chacosintesis.com.ar\/index.php\/wp-json\/wp\/v2\/users\/1"}],"replies":[{"embeddable":true,"href":"https:\/\/chacosintesis.com.ar\/index.php\/wp-json\/wp\/v2\/comments?post=24488"}],"version-history":[{"count":0,"href":"https:\/\/chacosintesis.com.ar\/index.php\/wp-json\/wp\/v2\/posts\/24488\/revisions"}],"wp:featuredmedia":[{"embeddable":true,"href":"https:\/\/chacosintesis.com.ar\/index.php\/wp-json\/wp\/v2\/media\/24489"}],"wp:attachment":[{"href":"https:\/\/chacosintesis.com.ar\/index.php\/wp-json\/wp\/v2\/media?parent=24488"}],"wp:term":[{"taxonomy":"category","embeddable":true,"href":"https:\/\/chacosintesis.com.ar\/index.php\/wp-json\/wp\/v2\/categories?post=24488"},{"taxonomy":"post_tag","embeddable":true,"href":"https:\/\/chacosintesis.com.ar\/index.php\/wp-json\/wp\/v2\/tags?post=24488"}],"curies":[{"name":"wp","href":"https:\/\/api.w.org\/{rel}","templated":true}]}}