{"id":24482,"date":"2023-07-28T16:52:45","date_gmt":"2023-07-28T19:52:45","guid":{"rendered":"https:\/\/chacosintesis.com.ar\/?p=24482"},"modified":"2023-07-28T17:08:01","modified_gmt":"2023-07-28T20:08:01","slug":"capitanich-y-comerciantes-del-gran-resistencia-definieron-agenda-para-potenciar-al-sector","status":"publish","type":"post","link":"https:\/\/chacosintesis.com.ar\/index.php\/capitanich-y-comerciantes-del-gran-resistencia-definieron-agenda-para-potenciar-al-sector\/","title":{"rendered":"Capitanich y comerciantes del Gran Resistencia definieron agenda para potenciar al sector"},"content":{"rendered":"<p>Las prioridades son seguridad vial, iluminaci\u00f3n p\u00fablica, habilitaciones y v\u00edas de financiamiento. Tambi\u00e9n hablaron de mejorar el sistema de estacionamiento.<br \/>\nEl gobernador Jorge Capitanich se reuni\u00f3 con comerciantes del \u00c1rea Metropolitana del Gran Resistencia en la C\u00e1mara de Comercio de la ciudad. Durante el encuentro, conversaron sobre problem\u00e1ticas y desaf\u00edos a futuro y diagramaron un esquema de acciones conjuntas, con el objetivo de acompa\u00f1ar con pol\u00edticas que potencien al sector.<br \/>\n\u201cFue una reuni\u00f3n muy positiva, con una multiplicidad de temas en agenda. Sabemos que trabajando en conjunto podremos ayudar a las y los comerciantes de nuestra provincia\u201d, manifest\u00f3 el mandatario. Entre las problem\u00e1ticas a resolver est\u00e1n seguridad y seguridad vial, iluminaci\u00f3n, habilitaci\u00f3n de comercios y pol\u00edticas junto al Insssep.<br \/>\nTambi\u00e9n, trabajaron en estrategias de financiamiento para el desarrollo de distintos emprendimientos, billetera electr\u00f3nica, mecanismos de descuentos, operatorias de financiamiento y por supuesto, el apoyo de la regularizaci\u00f3n y generaci\u00f3n de m\u00e1s empleo.<br \/>\nEn materia vial, Capitanich record\u00f3 que ya son 35 d\u00edas en los que no hay piquetes ni cortes de calle en la capital y respecto a conflictos con el sistema de estacionamiento en la ciudad y cuidacoches, asegur\u00f3 que se trabajar\u00e1 junto a Desarrollo Social para la b\u00fasqueda de una soluci\u00f3n.<br \/>\nDe la reuni\u00f3n participaron el ministro de Producci\u00f3n, Industria y Empleo, Sebasti\u00e1n Lifton; el subsecretario de Empleo, Lucas Cepeda; el presidente del Nuevo Banco del Chaco, Federico Mu\u00f1oz Femen\u00edas, el presidente de la C\u00e1mara de Comercio de Resistencia, Iv\u00e1n Bonzi y la directora del Nuevo Banco del Chaco, Maia Woelflin. Entre los comerciantes, participaron las y los representantes del Grupo Brilla; \u00d3ptica Plus Visi\u00f3n; Aluminios Kratos; \u00d3ptica Zoom; Agencia de Empleo; C\u00e1mara de Oftalmolog\u00eda del Chaco; Textil Efe, entre otros.<br \/>\nEl subsecretario Cepeda explic\u00f3 que estos encuentros con empresarios y empresarias permiten trabajar en una agenda abierta para \u201cgenerar mejores condiciones de trabajo con el objetivo de seguir creciendo y seguir generando mejores oportunidades de empleo\u201d, dijo.<br \/>\nCepeda destac\u00f3 el trabajo con la C\u00e1mara de Comercio de Resistencia, que funciona como el n\u00facleo institucional para tener un canal abierto con el sector, con el objetivo de \u201cconstruir alternativas y brindar soluciones para empresarios que realizan sus inversiones en la provincia. Nosotros desde el Gobierno somos socios estrat\u00e9gicos del sector\u201d, finaliz\u00f3.<br \/>\nPor su parte, Marisel Ayala, representante del Grupo Brilla, comercio que se dedica a la est\u00e9tica y belleza integral y adem\u00e1s, a trav\u00e9s de la Fundaci\u00f3n Brilla, producen pelucas para pacientes oncol\u00f3gicos, celebr\u00f3 este acercamiento del gobernador con las y los comerciantes quienes brindan servicios y productos y este encuentro permite escuchar pedidos, propuestas para estimular la inclusi\u00f3n en el sector comercial de la ciudad.<br \/>\n&lt;<a href=\"http:\/\/www.avg.com\/email-signature?utm_medium=email&amp;utm_source=link&amp;utm_campaign=sig-email&amp;utm_content=webmail\">www.avg.com\/email-signature?utm_medium=email&amp;utm_source=link&amp;utm_campaign=sig-email&amp;utm_content=webmail<\/a>&gt; Libre de virus.www.avg.com &lt;<a href=\"http:\/\/www.avg.com\/email-signature?utm_medium=email&amp;utm_source=link&amp;utm_campaign=sig-email&amp;utm_content=webmail\">www.avg.com\/email-signature?utm_medium=email&amp;utm_source=link&amp;utm_campaign=sig-email&amp;utm_content=webmail<\/a>&gt; <\/p>\n","protected":false},"excerpt":{"rendered":"<p>Las prioridades son seguridad vial, iluminaci\u00f3n p\u00fablica, habilitaciones y v\u00edas de financiamiento. Tambi\u00e9n hablaron de mejorar el sistema de estacionamiento. El gobernador Jorge Capitanich se reuni\u00f3 con comerciantes del \u00c1rea Metropolitana del Gran Resistencia en la C\u00e1mara de Comercio de la ciudad. Durante el encuentro, conversaron sobre problem\u00e1ticas y desaf\u00edos a futuro y diagramaron un [&hellip;]<\/p>\n","protected":false},"author":1,"featured_media":24483,"comment_status":"closed","ping_status":"closed","sticky":false,"template":"","format":"standard","meta":{"footnotes":""},"categories":[6],"tags":[],"class_list":{"0":"post-24482","1":"post","2":"type-post","3":"status-publish","4":"format-standard","5":"has-post-thumbnail","7":"category-chaco"},"_links":{"self":[{"href":"https:\/\/chacosintesis.com.ar\/index.php\/wp-json\/wp\/v2\/posts\/24482","targetHints":{"allow":["GET"]}}],"collection":[{"href":"https:\/\/chacosintesis.com.ar\/index.php\/wp-json\/wp\/v2\/posts"}],"about":[{"href":"https:\/\/chacosintesis.com.ar\/index.php\/wp-json\/wp\/v2\/types\/post"}],"author":[{"embeddable":true,"href":"https:\/\/chacosintesis.com.ar\/index.php\/wp-json\/wp\/v2\/users\/1"}],"replies":[{"embeddable":true,"href":"https:\/\/chacosintesis.com.ar\/index.php\/wp-json\/wp\/v2\/comments?post=24482"}],"version-history":[{"count":0,"href":"https:\/\/chacosintesis.com.ar\/index.php\/wp-json\/wp\/v2\/posts\/24482\/revisions"}],"wp:featuredmedia":[{"embeddable":true,"href":"https:\/\/chacosintesis.com.ar\/index.php\/wp-json\/wp\/v2\/media\/24483"}],"wp:attachment":[{"href":"https:\/\/chacosintesis.com.ar\/index.php\/wp-json\/wp\/v2\/media?parent=24482"}],"wp:term":[{"taxonomy":"category","embeddable":true,"href":"https:\/\/chacosintesis.com.ar\/index.php\/wp-json\/wp\/v2\/categories?post=24482"},{"taxonomy":"post_tag","embeddable":true,"href":"https:\/\/chacosintesis.com.ar\/index.php\/wp-json\/wp\/v2\/tags?post=24482"}],"curies":[{"name":"wp","href":"https:\/\/api.w.org\/{rel}","templated":true}]}}