{"id":24474,"date":"2023-07-28T16:35:38","date_gmt":"2023-07-28T19:35:38","guid":{"rendered":"https:\/\/chacosintesis.com.ar\/?p=24474"},"modified":"2023-07-28T16:37:03","modified_gmt":"2023-07-28T19:37:03","slug":"corzuela-la-decision-politica-hace-posible-las-obras-destaco-el-intendente-rafael-carrara","status":"publish","type":"post","link":"https:\/\/chacosintesis.com.ar\/index.php\/corzuela-la-decision-politica-hace-posible-las-obras-destaco-el-intendente-rafael-carrara\/","title":{"rendered":"Corzuela: &#8220;La decisi\u00f3n pol\u00edtica hace posible las obras&#8221;, destac\u00f3 el intendente Rafael Carrara"},"content":{"rendered":"<p>Se trata de la pavimentaci\u00f3n de la avenida Jos\u00e9 Hern\u00e1ndez, la ampliaci\u00f3n y refacci\u00f3n del boulevard y la Plaza San Mart\u00edn y la inauguraci\u00f3n del Centro de Salud del Barrio Obrero.<br \/>\nEsta ma\u00f1ana, en Corzuela, el gobernador Jorge Capitanich, junto a la vicegobernadora Anal\u00eda Rach Quiroga, el ministro de Planificaci\u00f3n, Econom\u00eda e Infraestructura, Santiago P\u00e9rez Pons y el intendente de la localidad, Rafael Carrara inauguraron nuevas cuadras de pavimento urbano, la ampliaci\u00f3n del boulevard San Mart\u00edn, la refacci\u00f3n de la Plaza San Mart\u00edn y el nuevo Centro de Atenci\u00f3n Primaria a la Salud.<br \/>\nEn relaci\u00f3n a este \u00faltimo, ubicado en el Barrio Obrero de la localidad de Corzuela, Capitanich destac\u00f3 que \u201cforma parte de la refacci\u00f3n y ampliaci\u00f3n de 250 centros de Salud en la provincia y de una intervenci\u00f3n directa en 52 hospitales p\u00fablicos\u201d. \u201cDentro de una red sanitaria que involucra a 474 efectores sanitarios directos y 12 mil trabajadores y trabajadoras\u201d, especific\u00f3.<br \/>\nEn la provincia \u201cdestinamos cerca del 12% del presupuesto p\u00fablico a la salud\u201d; remarc\u00f3 el gobernador. \u201cAntes se destinaba el 7%\u201d, detall\u00f3. En este sentido, Capitanich manifest\u00f3: \u201cAqu\u00ed nos queda esta obra, que es extraordinariamente importante y vamos a hacer el m\u00e1ximo esfuerzo para que en el segundo semestre podamos hacer la remodelaci\u00f3n y ampliaci\u00f3n integral del Hospital de Corzuela\u201d.<br \/>\nPor otra parte, el gobernador destac\u00f3 la importancia de la inauguraci\u00f3n de la avenida Jos\u00e9 Hern\u00e1ndez y el boulevard San Mart\u00edn. \u201cTambi\u00e9n visitamos la Escuela T\u00e9cnica de Formaci\u00f3n Profesional que va albergar cerca de 500 estudiantes\u201d, mencion\u00f3.<br \/>\n\u201cEsto forma parte de una multiplicidad de obras que se han podido ejecutar en Corzuela\u201d, enfatiz\u00f3 el gobernador y agreg\u00f3: \u201chay un Estado que destina presupuesto en inversi\u00f3n p\u00fablica\u201d.<br \/>\nEn este sentido, \u201csiempre pensamos en c\u00f3mo generar empleo en las cadenas de valor y sabemos que cuando hacemos un centro de salud, una escuela o viviendas, trabaja tambi\u00e9n el ladrillero y lleva un plato de comida a su mesa\u201d, expres\u00f3 Capitanich. \u201cPara tener obras p\u00fablicas hay que administrar bien\u201d, agreg\u00f3.<br \/>\n\u201cEs necesaria la continuidad de las pol\u00edticas p\u00fablicas, porque esto no se logra de un d\u00eda para el otro\u201d, concluy\u00f3 el gobernador.<br \/>\nPor su parte, el intendente de la localidad, Rafael Carrara manifest\u00f3 que se trata de \u201cobras que embellecen la localidad y le dan dignidad a los vecinos\u201d.<br \/>\nAsimismo, Carrara cont\u00f3 que \u201ccuando lleg\u00f3 Jorge Capitanich, era una provincia que no solo no ten\u00eda conectividad, en lo que significa en telefon\u00eda, red el\u00e9ctrica, red de pavimentos y hoy hay un Chaco Conectado\u201d. \u201cSin decisiones pol\u00edticas esto es muy dif\u00edcil\u201d, remarc\u00f3.<br \/>\nPavimentaci\u00f3n de la avenida Jos\u00e9 Hern\u00e1ndez<br \/>\nLa obra consiste en la pavimentaci\u00f3n de la avenida Jos\u00e9 Hern\u00e1ndez, en el tramo entre la avenida 25 de mayo y calle Gral. Donovan, de la localidad de Corzuela.<br \/>\nEl proyecto contempla mejorar las condiciones de transitabilidad en el sector circundante a las obras a desarrollar, mejorando las condiciones de seguridad y comodidad de desplazamiento para veh\u00edculos automotores, ciclistas y transe\u00fantes, haciendo as\u00ed, m\u00e1s eficiente a la localidad en cuanto a su organizaci\u00f3n vial en general.<br \/>\nEsto englobado, adem\u00e1s, dentro de un marco de mejora integral de la provincia en cuanto a la pavimentaci\u00f3n tanto de calles como avenidas en las distintas localidades. La totalidad de los trabajos desarrollados se llev\u00f3 a cabo con financiamiento del poder ejecutivo provincial, con la utilizaci\u00f3n de materiales de primera calidad y mano de obra.<br \/>\nAmpliaci\u00f3n del Boulevard y Plaza San Mart\u00edn<br \/>\nLa obra consiste en la intervenci\u00f3n de la plaza San Mart\u00edn, realizada de forma conjunta entre el municipio de la localidad y el poder ejecutivo provincial.<br \/>\nEn primera instancia se llev\u00f3 a cabo el cambio de mobiliario, juegos infantiles, cestos de residuos y bancos, mientras que, en segunda medida se llev\u00f3 a cabo la provisi\u00f3n y colocaci\u00f3n de iluminaci\u00f3n LED.<br \/>\nLa misma busca optimizar y modernizar un espacio p\u00fablico dentro de la localidad, dot\u00e1ndolo de equipamiento e iluminaci\u00f3n moderna y de primera calidad, para as\u00ed brindar a la ciudadan\u00eda de \u00e1reas adecuadas a las distintas actividades recreativas, culturales y\/o sociales que all\u00ed se desarrollaran.<br \/>\nCentro de Atenci\u00f3n Primaria de la Salud<br \/>\nSe encuentra dentro del Barrio Obrero, que abarca gran parte de la Zona Norte de la localidad. En el mismo se encuentran en ejecuci\u00f3n obras para su desarrollo, edificios educativos y viviendas.<br \/>\nSe encuentra a 10 cuadras del Hospital de la localidad, su acceso es a trav\u00e9s de ripio y consta de locales de enfermer\u00eda y una farmacia como espacios principales, destinados a la atenci\u00f3n del p\u00fablico, y a su vez, cuenta con espacios complementarios a dicha atenci\u00f3n como son, la sala de espera, y distintos sectores de servicio como cocina, n\u00facleos de ba\u00f1os y dep\u00f3sitos.<br \/>\n&lt;<a href=\"http:\/\/www.avg.com\/email-signature?utm_medium=email&amp;utm_source=link&amp;utm_campaign=sig-email&amp;utm_content=webmail\">www.avg.com\/email-signature?utm_medium=email&amp;utm_source=link&amp;utm_campaign=sig-email&amp;utm_content=webmail<\/a>&gt; Libre de virus.www.avg.com &lt;<a href=\"http:\/\/www.avg.com\/email-signature?utm_medium=email&amp;utm_source=link&amp;utm_campaign=sig-email&amp;utm_content=webmail\">www.avg.com\/email-signature?utm_medium=email&amp;utm_source=link&amp;utm_campaign=sig-email&amp;utm_content=webmail<\/a>&gt; <\/p>\n","protected":false},"excerpt":{"rendered":"<p>Se trata de la pavimentaci\u00f3n de la avenida Jos\u00e9 Hern\u00e1ndez, la ampliaci\u00f3n y refacci\u00f3n del boulevard y la Plaza San Mart\u00edn y la inauguraci\u00f3n del Centro de Salud del Barrio Obrero. Esta ma\u00f1ana, en Corzuela, el gobernador Jorge Capitanich, junto a la vicegobernadora Anal\u00eda Rach Quiroga, el ministro de Planificaci\u00f3n, Econom\u00eda e Infraestructura, Santiago P\u00e9rez [&hellip;]<\/p>\n","protected":false},"author":1,"featured_media":24475,"comment_status":"closed","ping_status":"closed","sticky":false,"template":"","format":"standard","meta":{"footnotes":""},"categories":[6],"tags":[],"class_list":{"0":"post-24474","1":"post","2":"type-post","3":"status-publish","4":"format-standard","5":"has-post-thumbnail","7":"category-chaco"},"_links":{"self":[{"href":"https:\/\/chacosintesis.com.ar\/index.php\/wp-json\/wp\/v2\/posts\/24474","targetHints":{"allow":["GET"]}}],"collection":[{"href":"https:\/\/chacosintesis.com.ar\/index.php\/wp-json\/wp\/v2\/posts"}],"about":[{"href":"https:\/\/chacosintesis.com.ar\/index.php\/wp-json\/wp\/v2\/types\/post"}],"author":[{"embeddable":true,"href":"https:\/\/chacosintesis.com.ar\/index.php\/wp-json\/wp\/v2\/users\/1"}],"replies":[{"embeddable":true,"href":"https:\/\/chacosintesis.com.ar\/index.php\/wp-json\/wp\/v2\/comments?post=24474"}],"version-history":[{"count":0,"href":"https:\/\/chacosintesis.com.ar\/index.php\/wp-json\/wp\/v2\/posts\/24474\/revisions"}],"wp:featuredmedia":[{"embeddable":true,"href":"https:\/\/chacosintesis.com.ar\/index.php\/wp-json\/wp\/v2\/media\/24475"}],"wp:attachment":[{"href":"https:\/\/chacosintesis.com.ar\/index.php\/wp-json\/wp\/v2\/media?parent=24474"}],"wp:term":[{"taxonomy":"category","embeddable":true,"href":"https:\/\/chacosintesis.com.ar\/index.php\/wp-json\/wp\/v2\/categories?post=24474"},{"taxonomy":"post_tag","embeddable":true,"href":"https:\/\/chacosintesis.com.ar\/index.php\/wp-json\/wp\/v2\/tags?post=24474"}],"curies":[{"name":"wp","href":"https:\/\/api.w.org\/{rel}","templated":true}]}}