{"id":24472,"date":"2023-07-28T16:33:21","date_gmt":"2023-07-28T19:33:21","guid":{"rendered":"https:\/\/chacosintesis.com.ar\/?p=24472"},"modified":"2023-07-28T16:37:01","modified_gmt":"2023-07-28T19:37:01","slug":"perez-pons-destaco-el-avance-de-la-obra-del-hospital-enrique-v-de-llamas-de-charata","status":"publish","type":"post","link":"https:\/\/chacosintesis.com.ar\/index.php\/perez-pons-destaco-el-avance-de-la-obra-del-hospital-enrique-v-de-llamas-de-charata\/","title":{"rendered":"P\u00e9rez Pons destac\u00f3 el avance de la obra del Hospital &#8220;Enrique V. de Llamas&#8221; de Charata"},"content":{"rendered":"<p>La remodelaci\u00f3n y ampliaci\u00f3n del edificio presenta un avance superior al 70% en su ejecuci\u00f3n. &#8220;Estas obras forman parte de un plan de inversi\u00f3n que el Gobierno proyecta para los centros asistenciales m\u00e1s importantes de la regi\u00f3n&#8221;, destac\u00f3.<br \/>\nEl ministro de Planificaci\u00f3n, Econom\u00eda e Infraestructura Santiago P\u00e9rez Pons destac\u00f3 el ritmo de ejecuci\u00f3n de la remodelaci\u00f3n, refuncionalizaci\u00f3n y ampliaci\u00f3n del hospital \u201cEnrique V. de Llamas\u201d de Charata, el cual presenta un avance superior al 70%. Junto al Centro de Desarrollo Infantil (CDI) y la pavimentaci\u00f3n de 27 cuadras, forma parte del paquete de obras p\u00fablicas que el gobierno provincial ejecuta para acompa\u00f1ar el desarrollo de la localidad y mejorar la calidad de vida de la poblaci\u00f3n.<br \/>\nEl hospital actualmente brinda atenci\u00f3n sanitaria en forma ambulatoria, con posibilidades de brindar asistencia a personas internadas con patolog\u00edas de baja complejidad. \u201cLas obras apuntan a fortalecer este centro de salud que garantiza el acceso a la salud a la regi\u00f3n Sudoeste\u201d, expres\u00f3 el ministro. Con una inversi\u00f3n de $301.100.000, el nuevo Hospital de Complejidad IV contar\u00e1 con la estructura y las condiciones para responder a la demanda creciente de la poblaci\u00f3n. En el marco de una planificaci\u00f3n estrat\u00e9gica, se proyecta una readaptaci\u00f3n t\u00e9cnica con refuncionalizaci\u00f3n de espacios existentes, modernizaci\u00f3n de instalaciones y equipamiento y la ampliaci\u00f3n del \u00c1rea de Guardia de Emergencias, el sector de Internaciones, sanitarios p\u00fablicos y Servicios Generales.<br \/>\n\u201cEstas obras forman parte de un plan de inversi\u00f3n que el gobierno proyecta para los centros asistenciales m\u00e1s importantes de la regi\u00f3n\u201d, destac\u00f3 P\u00e9rez Pons. Por su parte, la directora del hospital Emilia Parra destac\u00f3 la importancia de esta remodelaci\u00f3n que potenciar\u00e1 la red sanitaria del Sudoeste chaque\u00f1o. \u201cEs un orgullo ver c\u00f3mo avanza la obra de este hospital que es tan importante para todos los charatenses y para todos los pacientes de localidades aleda\u00f1as que concurren para ser atendidos\u201d, sostuvo. \u201cEstamos muy contentos al ver c\u00f3mo est\u00e1 creciendo Charata, con pavimento, escuelas y espacios verdes. Muy agradecidos con el Gobierno que nos permite participar de esta obra tan importante\u201d, expres\u00f3 Jos\u00e9 Mar\u00eda T\u00e9vez, alba\u00f1il de la obra.<br \/>\nCentro de Desarrollo Infantil y pavimento<br \/>\nEl Centro de Desarrollo Infantil (CDI) presenta un avance del 15 por ciento en su ejecuci\u00f3n y se espera su finalizaci\u00f3n para mediados de julio. La obra, que demanda una inversi\u00f3n de $83.187.558, brindar\u00e1 atenci\u00f3n integral a ni\u00f1os y ni\u00f1as de 45 d\u00edas a 4 a\u00f1os, con asistencia nutricional, estimulaci\u00f3n temprana y psicomotricidad. Por otro lado, el Ministerio avanza tambi\u00e9n con el plan de pavimentaci\u00f3n de 27 cuadras en el Barrio San Juan, de las cuales ya se ejecutaron 12. Adem\u00e1s, se prev\u00e9n iniciar otras 23 cuadras en el Barrio Norte, con una inversi\u00f3n cercana a los 600 millones de pesos.<br \/>\n&lt;<a href=\"http:\/\/www.avg.com\/email-signature?utm_medium=email&amp;utm_source=link&amp;utm_campaign=sig-email&amp;utm_content=webmail\">www.avg.com\/email-signature?utm_medium=email&amp;utm_source=link&amp;utm_campaign=sig-email&amp;utm_content=webmail<\/a>&gt; Libre de virus.www.avg.com &lt;<a href=\"http:\/\/www.avg.com\/email-signature?utm_medium=email&amp;utm_source=link&amp;utm_campaign=sig-email&amp;utm_content=webmail\">www.avg.com\/email-signature?utm_medium=email&amp;utm_source=link&amp;utm_campaign=sig-email&amp;utm_content=webmail<\/a>&gt; <\/p>\n","protected":false},"excerpt":{"rendered":"<p>La remodelaci\u00f3n y ampliaci\u00f3n del edificio presenta un avance superior al 70% en su ejecuci\u00f3n. &#8220;Estas obras forman parte de un plan de inversi\u00f3n que el Gobierno proyecta para los centros asistenciales m\u00e1s importantes de la regi\u00f3n&#8221;, destac\u00f3. El ministro de Planificaci\u00f3n, Econom\u00eda e Infraestructura Santiago P\u00e9rez Pons destac\u00f3 el ritmo de ejecuci\u00f3n de la [&hellip;]<\/p>\n","protected":false},"author":1,"featured_media":24473,"comment_status":"closed","ping_status":"closed","sticky":false,"template":"","format":"standard","meta":{"footnotes":""},"categories":[6],"tags":[],"class_list":{"0":"post-24472","1":"post","2":"type-post","3":"status-publish","4":"format-standard","5":"has-post-thumbnail","7":"category-chaco"},"_links":{"self":[{"href":"https:\/\/chacosintesis.com.ar\/index.php\/wp-json\/wp\/v2\/posts\/24472","targetHints":{"allow":["GET"]}}],"collection":[{"href":"https:\/\/chacosintesis.com.ar\/index.php\/wp-json\/wp\/v2\/posts"}],"about":[{"href":"https:\/\/chacosintesis.com.ar\/index.php\/wp-json\/wp\/v2\/types\/post"}],"author":[{"embeddable":true,"href":"https:\/\/chacosintesis.com.ar\/index.php\/wp-json\/wp\/v2\/users\/1"}],"replies":[{"embeddable":true,"href":"https:\/\/chacosintesis.com.ar\/index.php\/wp-json\/wp\/v2\/comments?post=24472"}],"version-history":[{"count":0,"href":"https:\/\/chacosintesis.com.ar\/index.php\/wp-json\/wp\/v2\/posts\/24472\/revisions"}],"wp:featuredmedia":[{"embeddable":true,"href":"https:\/\/chacosintesis.com.ar\/index.php\/wp-json\/wp\/v2\/media\/24473"}],"wp:attachment":[{"href":"https:\/\/chacosintesis.com.ar\/index.php\/wp-json\/wp\/v2\/media?parent=24472"}],"wp:term":[{"taxonomy":"category","embeddable":true,"href":"https:\/\/chacosintesis.com.ar\/index.php\/wp-json\/wp\/v2\/categories?post=24472"},{"taxonomy":"post_tag","embeddable":true,"href":"https:\/\/chacosintesis.com.ar\/index.php\/wp-json\/wp\/v2\/tags?post=24472"}],"curies":[{"name":"wp","href":"https:\/\/api.w.org\/{rel}","templated":true}]}}