{"id":24470,"date":"2023-07-28T16:31:49","date_gmt":"2023-07-28T19:31:49","guid":{"rendered":"https:\/\/chacosintesis.com.ar\/?p=24470"},"modified":"2023-07-28T16:37:01","modified_gmt":"2023-07-28T19:37:01","slug":"inclusion-digital-la-fibra-optica-a-el-impenetrable-ayudara-a-reducir-la-brecha-en-esa-region","status":"publish","type":"post","link":"https:\/\/chacosintesis.com.ar\/index.php\/inclusion-digital-la-fibra-optica-a-el-impenetrable-ayudara-a-reducir-la-brecha-en-esa-region\/","title":{"rendered":"Inclusi\u00f3n digital: \u201cLa fibra \u00f3ptica a El Impenetrable ayudar\u00e1 a reducir la brecha en esa regi\u00f3n\u201d"},"content":{"rendered":"<p>El vocero oficial hizo referencia a la reciente inauguraci\u00f3n del tendido en cinco localidades del norte de la provincia. Tambi\u00e9n detall\u00f3 la agenda de actividades del gobernador Capitanich para este fin de semana.<br \/>\nEl vocero oficial Juan Manuel Chapo ofreci\u00f3 este viernes su habitual conferencia de prensa, instancia en la que inform\u00f3 acerca de diversas cuestiones al tiempo que detall\u00f3 la agenda del gobernador para hoy y este fin de semana.<br \/>\nEl portavoz destac\u00f3 la reciente inauguraci\u00f3n de la primera red de fibra \u00f3ptica en cinco localidades del norte de la provincia y asegur\u00f3 que el haber habilitado esta infraestructura contribuir\u00e1 a la inclusi\u00f3n digital de esa zona del Chaco.<br \/>\n\u201cAdem\u00e1s del valor simb\u00f3lico que represent\u00f3 la habilitaci\u00f3n de la conectividad, lo importante es que la llegada de internet de alta velocidad permitir\u00e1 mejorar los niveles de desarrollo de El Impenetrable\u201d, asegur\u00f3 Chapo.<br \/>\nEl vocero indic\u00f3 que la ejecuci\u00f3n de la red forma parte del proyecto de tendido que incluye a los 70 municipios de la provincia y que es impulsado por el gobierno chaque\u00f1o en conjunto con Naci\u00f3n.<br \/>\n\u201cEn el caso de la inauguraci\u00f3n de esta semana se trata de una obra que demand\u00f3 una inversi\u00f3n de $327 millones y que integra el plan de red de m\u00e1s de 3 mil kil\u00f3metros de fibra \u00f3ptica\u201d, precis\u00f3.<br \/>\n\u201cLa llegada de la fibra \u00f3ptica a El Impenetrable ayudar\u00e1 a reducir la brecha digital en esa regi\u00f3n e incorporar a esa zona que hist\u00f3ricamente estuvo relegada de los procesos de desarrollo\u201d, apunt\u00f3.<br \/>\nEn otro orden de cosas, el portavoz detall\u00f3 la agenda del gobernador Jorge Capitanich para este fin de semana, el \u00faltimo de julio, y que incluir\u00e1 la entrega de soluciones habitacionales, reuniones con vecinos y distintos sectores sociales, y el lanzamiento de un torneo de pesca.<br \/>\nEste s\u00e1bado, el mandatario entregar\u00e1 nuevas viviendas sociales en la zona sur de Resistencia con las cuales el gobierno alcanzar\u00e1 las 200 unidades en lo que va del mes mientras proyecta la cesi\u00f3n de m\u00e1s unidades para los pr\u00f3ximos 30 d\u00edas.<br \/>\nPor otra parte, Capitanich se reunir\u00e1 en Puerto Vilelas con pescadores de la zona para luego, en el Club N\u00e1utico, anunciar la realizaci\u00f3n del Torneo de Pesca con Devoluci\u00f3n<br \/>\nYa en Barranqueras, el mandatario encabezar\u00e1 distintas inauguraciones entre ellas, la m\u00e1s destacada, un espacio para el \u00e1rea de Infraestructura del municipio portuario.<br \/>\nEse mismo d\u00eda realizar\u00e1 anuncios en torno al programa de Inclusi\u00f3n Digital Docente en tanto que entre s\u00e1bado y domingo participar\u00e1 de reuniones de escucha activa con vecinas y vecinos de Barranqueras, Resistencia y Fontana.<br \/>\n<<a href=\"http:\/\/www.avg.com\/email-signature?utm_medium=email&#038;utm_source=link&#038;utm_campaign=sig-email&#038;utm_content=webmail\">www.avg.com\/email-signature?utm_medium=email&amp;utm_source=link&amp;utm_campaign=sig-email&amp;utm_content=webmail<\/a>> Libre de virus.www.avg.com <<a href=\"http:\/\/www.avg.com\/email-signature?utm_medium=email&#038;utm_source=link&#038;utm_campaign=sig-email&#038;utm_content=webmail\">www.avg.com\/email-signature?utm_medium=email&amp;utm_source=link&amp;utm_campaign=sig-email&amp;utm_content=webmail<\/a>> <#DAB4FAD8-2DD7-40BB-A1B8-4E2AA1F9FDF2><\/p>\n","protected":false},"excerpt":{"rendered":"<p>El vocero oficial hizo referencia a la reciente inauguraci\u00f3n del tendido en cinco localidades del norte de la provincia. Tambi\u00e9n detall\u00f3 la agenda de actividades del gobernador Capitanich para este fin de semana. El vocero oficial Juan Manuel Chapo ofreci\u00f3 este viernes su habitual conferencia de prensa, instancia en la que inform\u00f3 acerca de diversas [&hellip;]<\/p>\n","protected":false},"author":1,"featured_media":24471,"comment_status":"closed","ping_status":"closed","sticky":false,"template":"","format":"standard","meta":{"footnotes":""},"categories":[6],"tags":[],"class_list":{"0":"post-24470","1":"post","2":"type-post","3":"status-publish","4":"format-standard","5":"has-post-thumbnail","7":"category-chaco"},"_links":{"self":[{"href":"https:\/\/chacosintesis.com.ar\/index.php\/wp-json\/wp\/v2\/posts\/24470","targetHints":{"allow":["GET"]}}],"collection":[{"href":"https:\/\/chacosintesis.com.ar\/index.php\/wp-json\/wp\/v2\/posts"}],"about":[{"href":"https:\/\/chacosintesis.com.ar\/index.php\/wp-json\/wp\/v2\/types\/post"}],"author":[{"embeddable":true,"href":"https:\/\/chacosintesis.com.ar\/index.php\/wp-json\/wp\/v2\/users\/1"}],"replies":[{"embeddable":true,"href":"https:\/\/chacosintesis.com.ar\/index.php\/wp-json\/wp\/v2\/comments?post=24470"}],"version-history":[{"count":0,"href":"https:\/\/chacosintesis.com.ar\/index.php\/wp-json\/wp\/v2\/posts\/24470\/revisions"}],"wp:featuredmedia":[{"embeddable":true,"href":"https:\/\/chacosintesis.com.ar\/index.php\/wp-json\/wp\/v2\/media\/24471"}],"wp:attachment":[{"href":"https:\/\/chacosintesis.com.ar\/index.php\/wp-json\/wp\/v2\/media?parent=24470"}],"wp:term":[{"taxonomy":"category","embeddable":true,"href":"https:\/\/chacosintesis.com.ar\/index.php\/wp-json\/wp\/v2\/categories?post=24470"},{"taxonomy":"post_tag","embeddable":true,"href":"https:\/\/chacosintesis.com.ar\/index.php\/wp-json\/wp\/v2\/tags?post=24470"}],"curies":[{"name":"wp","href":"https:\/\/api.w.org\/{rel}","templated":true}]}}