{"id":24464,"date":"2023-07-28T11:07:54","date_gmt":"2023-07-28T14:07:54","guid":{"rendered":"https:\/\/chacosintesis.com.ar\/?p=24464"},"modified":"2023-07-28T11:13:12","modified_gmt":"2023-07-28T14:13:12","slug":"fuerte-cruce-entre-gloria-romero-y-seguidores-de-emerenciano-sena-en-fiscalia","status":"publish","type":"post","link":"https:\/\/chacosintesis.com.ar\/index.php\/fuerte-cruce-entre-gloria-romero-y-seguidores-de-emerenciano-sena-en-fiscalia\/","title":{"rendered":"Fuerte cruce entre Gloria Romero y seguidores de Emerenciano Sena en fiscal\u00eda"},"content":{"rendered":"<p>La mam\u00e1 de Cecilia Strzyzowski se cruz\u00f3 con militantes del barrio Emerenciano Sena que se trasladaron a fiscal\u00eda para pedir la libertad del dirigente social.<\/p>\n<p>&#8220;No les tengo miedo. Qu\u00e9 m\u00e1s me pueden hacer, si me mataron a mi hija&#8221;, les contest\u00f3 Gloria Romero a los seguidores de Sena que la increparon y reclamaban a los gritos de: &#8220;Libertad, libertad&#8221;.<br \/>\nLa presencia de los militantes de Emerenciano Sena llegaron a la sede de Fiscal\u00eda un d\u00eda despu\u00e9s  de los audios que el dirigente envi\u00f3 via WhatsApp ayer y que se viralizaron.<\/p>\n<p>DIARIO NORTE.-<\/p>\n","protected":false},"excerpt":{"rendered":"<p>La mam\u00e1 de Cecilia Strzyzowski se cruz\u00f3 con militantes del barrio Emerenciano Sena que se trasladaron a fiscal\u00eda para pedir la libertad del dirigente social. &#8220;No les tengo miedo. Qu\u00e9 m\u00e1s me pueden hacer, si me mataron a mi hija&#8221;, les contest\u00f3 Gloria Romero a los seguidores de Sena que la increparon y reclamaban a [&hellip;]<\/p>\n","protected":false},"author":1,"featured_media":24465,"comment_status":"closed","ping_status":"closed","sticky":false,"template":"","format":"standard","meta":{"footnotes":""},"categories":[6],"tags":[197],"class_list":{"0":"post-24464","1":"post","2":"type-post","3":"status-publish","4":"format-standard","5":"has-post-thumbnail","7":"category-chaco","8":"tag-destacada"},"_links":{"self":[{"href":"https:\/\/chacosintesis.com.ar\/index.php\/wp-json\/wp\/v2\/posts\/24464","targetHints":{"allow":["GET"]}}],"collection":[{"href":"https:\/\/chacosintesis.com.ar\/index.php\/wp-json\/wp\/v2\/posts"}],"about":[{"href":"https:\/\/chacosintesis.com.ar\/index.php\/wp-json\/wp\/v2\/types\/post"}],"author":[{"embeddable":true,"href":"https:\/\/chacosintesis.com.ar\/index.php\/wp-json\/wp\/v2\/users\/1"}],"replies":[{"embeddable":true,"href":"https:\/\/chacosintesis.com.ar\/index.php\/wp-json\/wp\/v2\/comments?post=24464"}],"version-history":[{"count":0,"href":"https:\/\/chacosintesis.com.ar\/index.php\/wp-json\/wp\/v2\/posts\/24464\/revisions"}],"wp:featuredmedia":[{"embeddable":true,"href":"https:\/\/chacosintesis.com.ar\/index.php\/wp-json\/wp\/v2\/media\/24465"}],"wp:attachment":[{"href":"https:\/\/chacosintesis.com.ar\/index.php\/wp-json\/wp\/v2\/media?parent=24464"}],"wp:term":[{"taxonomy":"category","embeddable":true,"href":"https:\/\/chacosintesis.com.ar\/index.php\/wp-json\/wp\/v2\/categories?post=24464"},{"taxonomy":"post_tag","embeddable":true,"href":"https:\/\/chacosintesis.com.ar\/index.php\/wp-json\/wp\/v2\/tags?post=24464"}],"curies":[{"name":"wp","href":"https:\/\/api.w.org\/{rel}","templated":true}]}}