{"id":24460,"date":"2023-07-27T19:32:31","date_gmt":"2023-07-27T22:32:31","guid":{"rendered":"https:\/\/chacosintesis.com.ar\/?p=24460"},"modified":"2023-07-27T19:36:49","modified_gmt":"2023-07-27T22:36:49","slug":"se-inauguro-la-refaccion-del-edificio-municipal-y-un-salon-comunitario-en-colonias-unidas","status":"publish","type":"post","link":"https:\/\/chacosintesis.com.ar\/index.php\/se-inauguro-la-refaccion-del-edificio-municipal-y-un-salon-comunitario-en-colonias-unidas\/","title":{"rendered":"Se inaugur\u00f3 la refacci\u00f3n del edificio municipal y un sal\u00f3n comunitario en Colonias Unidas"},"content":{"rendered":"<p>Estas obras se suman al plan de intervenci\u00f3n integral en la localidad. Tambi\u00e9n 80 familias recibieron sus t\u00edtulos de propiedad.<br \/>\nEl gobernador Jorge Capitanich inaugur\u00f3 este jueves en Colonias Unidas, junto a la intendenta Alicia Leiva, la remodelaci\u00f3n integral del edificio municipal y un sal\u00f3n de usos m\u00faltiples. Adem\u00e1s entregaron 80 t\u00edtulos de propiedad a trav\u00e9s del Ministerio de Ambiente y Desarrollo Territorial Sostenible.<br \/>\n\u201cQueremos fortalecer las capacidades institucionales de cada municipio, porque es muy importante el trabajo, pero tambi\u00e9n es necesario contar con una infraestructura edilicia adecuada\u201d, expres\u00f3 el gobernador sobre las nuevas instalaciones del edificio municipal que demandaron una inversi\u00f3n de $43.587.354.<br \/>\nEn planta baja se construyeron varias oficinas, un sal\u00f3n de usos m\u00faltiples, un sal\u00f3n de reuniones y capacitaciones del personal, una farmacia del Insssep con dep\u00f3sito para los medicamentos y un patio interno vidriado. Mientras que en planta alta se hizo la sala de reuniones del Consejo, la oficina del presidente del cuerpo y una terraza.<br \/>\n\u201cColonias Unidas ha tenido una gran transformaci\u00f3n en cuanto a obras de pavimento, viviendas, red de agua potable y electrificaci\u00f3n rural y urbana, entre otras&#8221;, asegur\u00f3 Capitanich, y sostuvo que hay &#8220;un antes y un despu\u00e9s\u201d en cuanto a conectividad gracias a las obras de las rutas 3, 4, 7 y 9, as\u00ed como a las 84 cuadras de pavimento urbano que se hicieron.<br \/>\nEl sal\u00f3n de usos m\u00faltiples tiene una superficie de aproximadamente 600 metros cuadrados y se concret\u00f3 con una inversi\u00f3n de $69.968.280. Cuenta con un sector de parrillas, ba\u00f1os, cocina y distintos sectores de dep\u00f3sito, todo esto como complemento y soporte del sal\u00f3n. \u201cEs una obra extraordinaria para eventos y encuentros en la comunidad\u201d, expres\u00f3 el gobernador y agreg\u00f3 que en el mismo barrio ya se inauguraron 50 viviendas y se trabaja en otras 20.<br \/>\nEl mandatario provincial entreg\u00f3 adem\u00e1s en la jornada, junto a la ministra de Ambiente y Desarrollo Territorial Sostenible, Marta Soneira, 80 t\u00edtulos de propiedad a familias del barrio Obrero. Estos t\u00edtulos se suman a los 28 que ya fueron entregados en el mes de marzo de este a\u00f1o, y adem\u00e1s se encuentran en tr\u00e1mite otros 92.<br \/>\nLa intendenta Alicia Leiva se refiri\u00f3 al nuevo edificio municipal: \u201cEs una obra que hab\u00edamos esperado mucho tiempo, una obra indispensable porque nuestro edificio ten\u00eda muchas necesidades para su correcta funcionalidad\u201d. Explic\u00f3 que, a partir de ahora, \u00e1reas como Desarrollo Social, Deporte y Cultura tendr\u00e1n sus oficinas en funcionamiento en la casa municipal.<br \/>\n\u201cEsta es otra obra m\u00e1s que demuestra todo lo aportado por nuestro gobernador y el gran compromiso que tiene con nuestro pueblo y todos los pueblos del Chaco\u201d, remarc\u00f3 la jefa comunal, valorando tambi\u00e9n el nuevo SUM: &#8220;hac\u00eda falta un lugar para encuentros y ac\u00e1 tenemos capacidad para m\u00e1s de 500 personas&#8221;. &#8220;Estamos muy felices porque reivindicamos con esta obra este lugar hist\u00f3rico que es la Pista del Obrero\u201d, manifest\u00f3.<br \/>\nVisita a la cl\u00ednica Cardio Norte<br \/>\nDurante la jornada visitaron tambi\u00e9n una cl\u00ednica cardiol\u00f3gica recientemente habilitada. Se trata de una iniciativa privada del cardi\u00f3logo Alejandro Taborda, oriundo de esa localidad, que se especializ\u00f3 en la Fundaci\u00f3n Favaloro y en la Sociedad Argentina de Cardiolog\u00eda. Taborda es especialista en Doppler card\u00edaco y vascular y en Cardio Oncolog\u00eda.<br \/>\nEl gobernador destac\u00f3 la importancia de la presencia de Taborda en Colonias Unidas, donde atiende pacientes locales y de pueblos vecinos. \u201cEs una persona muy calificada y estamos contentos de que haya regresado\u201d, dijo.<br \/>\n\u201cSiempre tuve la idea de volver a Colonias Unidas, una vez terminada mi capacitaci\u00f3n en distintas provincias\u201d, manifest\u00f3 por su parte el profesional. As\u00ed, asegur\u00f3 que pretende seguir creciendo y en un futuro instalar un policl\u00ednico que atienda otras especialidades como neumonolog\u00eda y neurolog\u00eda.<br \/>\n&lt;<a href=\"http:\/\/www.avg.com\/email-signature?utm_medium=email&amp;utm_source=link&amp;utm_campaign=sig-email&amp;utm_content=webmail\">www.avg.com\/email-signature?utm_medium=email&amp;utm_source=link&amp;utm_campaign=sig-email&amp;utm_content=webmail<\/a>&gt; Libre de virus.www.avg.com &lt;<a href=\"http:\/\/www.avg.com\/email-signature?utm_medium=email&amp;utm_source=link&amp;utm_campaign=sig-email&amp;utm_content=webmail\">www.avg.com\/email-signature?utm_medium=email&amp;utm_source=link&amp;utm_campaign=sig-email&amp;utm_content=webmail<\/a>&gt; <\/p>\n","protected":false},"excerpt":{"rendered":"<p>Estas obras se suman al plan de intervenci\u00f3n integral en la localidad. Tambi\u00e9n 80 familias recibieron sus t\u00edtulos de propiedad. El gobernador Jorge Capitanich inaugur\u00f3 este jueves en Colonias Unidas, junto a la intendenta Alicia Leiva, la remodelaci\u00f3n integral del edificio municipal y un sal\u00f3n de usos m\u00faltiples. Adem\u00e1s entregaron 80 t\u00edtulos de propiedad a [&hellip;]<\/p>\n","protected":false},"author":1,"featured_media":24461,"comment_status":"closed","ping_status":"closed","sticky":false,"template":"","format":"standard","meta":{"footnotes":""},"categories":[6],"tags":[],"class_list":{"0":"post-24460","1":"post","2":"type-post","3":"status-publish","4":"format-standard","5":"has-post-thumbnail","7":"category-chaco"},"_links":{"self":[{"href":"https:\/\/chacosintesis.com.ar\/index.php\/wp-json\/wp\/v2\/posts\/24460","targetHints":{"allow":["GET"]}}],"collection":[{"href":"https:\/\/chacosintesis.com.ar\/index.php\/wp-json\/wp\/v2\/posts"}],"about":[{"href":"https:\/\/chacosintesis.com.ar\/index.php\/wp-json\/wp\/v2\/types\/post"}],"author":[{"embeddable":true,"href":"https:\/\/chacosintesis.com.ar\/index.php\/wp-json\/wp\/v2\/users\/1"}],"replies":[{"embeddable":true,"href":"https:\/\/chacosintesis.com.ar\/index.php\/wp-json\/wp\/v2\/comments?post=24460"}],"version-history":[{"count":0,"href":"https:\/\/chacosintesis.com.ar\/index.php\/wp-json\/wp\/v2\/posts\/24460\/revisions"}],"wp:featuredmedia":[{"embeddable":true,"href":"https:\/\/chacosintesis.com.ar\/index.php\/wp-json\/wp\/v2\/media\/24461"}],"wp:attachment":[{"href":"https:\/\/chacosintesis.com.ar\/index.php\/wp-json\/wp\/v2\/media?parent=24460"}],"wp:term":[{"taxonomy":"category","embeddable":true,"href":"https:\/\/chacosintesis.com.ar\/index.php\/wp-json\/wp\/v2\/categories?post=24460"},{"taxonomy":"post_tag","embeddable":true,"href":"https:\/\/chacosintesis.com.ar\/index.php\/wp-json\/wp\/v2\/tags?post=24460"}],"curies":[{"name":"wp","href":"https:\/\/api.w.org\/{rel}","templated":true}]}}