{"id":24454,"date":"2023-07-27T19:19:36","date_gmt":"2023-07-27T22:19:36","guid":{"rendered":"https:\/\/chacosintesis.com.ar\/?p=24454"},"modified":"2023-07-27T19:36:47","modified_gmt":"2023-07-27T22:36:47","slug":"como-impacta-el-acceso-a-internet-en-la-vida-de-los-habitantes-de-el-impenetrable","status":"publish","type":"post","link":"https:\/\/chacosintesis.com.ar\/index.php\/como-impacta-el-acceso-a-internet-en-la-vida-de-los-habitantes-de-el-impenetrable\/","title":{"rendered":"C\u00f3mo impacta el acceso a internet en la vida de los habitantes de El Impenetrable"},"content":{"rendered":"<p>\u201cTener conectividad nos abre el camino para incluirnos&#8221;, destac\u00f3 Sonia Massa, docente de la zona.<br \/>\nRecientemente el Gobierno provincial junto a autoridades de Ecom Chaco y de Enacom, habilitaron la red de fibra \u00f3ptica para El Impenetrable. Se trata de una inversi\u00f3n de $327.126.800,44, de los cuales $300.126.800,44 fue un aporte de Enacom, mientras que los $27.564.601,91 restantes los aporta Ecom Chaco, la empresa provincial de telecomunicaciones.<br \/>\nLas obras se incluyen en el programa Chaco 100% conectado y consiste en la vinculaci\u00f3n de localidades y parajes, a trav\u00e9s de la apertura de nodos.<br \/>\nEn relaci\u00f3n a ello, In\u00e9s Ortega, intendenta de Fuerte Esperanza destac\u00f3 \u201clo que significa tener esta tecnolog\u00eda que hoy nos brinda las distintas herramientas de la comunicaci\u00f3n, el crecimiento desde lo tecnol\u00f3gico y lo importante que es acceder a este tipo de beneficios\u201d.<br \/>\n\u201cA trav\u00e9s de Punto Digital, trabajamos con Tu Gobierno Digital, en lo que son los tr\u00e1mites de partidas de nacimientos, certificados de domicilio, turnos para ANSES\u201d, explic\u00f3 Ortega y cont\u00f3 que adem\u00e1s se utiliza para realizar \u201ccapacitaciones, encuentros a trav\u00e9s de cine con los colegios, encuentros de videojuegos y otras actividades\u201d.<br \/>\nAdem\u00e1s, adelant\u00f3 que \u201cse est\u00e1 extendiendo a trav\u00e9s de m\u00faltiples servicios a toda la regi\u00f3n\u201d. \u201cC\u00f3mo no estar agradecida a la mirada que tiene este gobierno provincial\u201d, expres\u00f3 la intendenta de Fuerte Esperanza.<br \/>\nPor su parte, Sonia Massa, profesora de nivel secundario y superior de Misi\u00f3n Nueva Pompeya manifest\u00f3: \u201cTener conectividad suma y nos abre el camino para incluirnos, nos incluye al mundo virtual, a lo que se viene y que es en lo que la mayor\u00eda de los profesores queremos que se formen nuestros estudiantes\u201d.<br \/>\n\u201cEs un hecho hist\u00f3rico que El Impenetrable se pueda incluir a esto\u201d, destac\u00f3 la docente y agreg\u00f3 \u201cesto es pensar en una inclusi\u00f3n unida a la calidad\u201d. As\u00ed tambi\u00e9n, Karina \u00c1lvarez, directora a cargo del Hospital Rural de Misi\u00f3n Nueva Pompeya, destac\u00f3 que la conexi\u00f3n a internet \u201cnos sirve para la carga de planes en distintos sectores de nuestro hospital como estad\u00edsticas, archivos\u201d. \u201cTambi\u00e9n utilizamos la conexi\u00f3n en el sector de farmacias para realizar los pedidos para tener la medicaci\u00f3n necesaria para el hospital\u201d, mencion\u00f3.<br \/>\nDesde la comisar\u00eda Wichi El Pintado, un vecino de la comunidad cont\u00f3 que en ese lugar \u201cse encuentra un tel\u00e9fono, donde la gente como no ten\u00eda medio para comunicarse, pon\u00eda los aparatos para agarrar se\u00f1al y poder mandar mensajes\u201d.<br \/>\n\u201cDe a poco se fue transformando la calidad para comunicarse, Hoy podemos comunicarnos de manera fluida y conectarnos casi con todo el mundo porque tenemos un servicio de internet\u201d, coment\u00f3 y agreg\u00f3 \u201chay gente que tiene pocos recursos y le vendr\u00eda muy bien el servicio de internet gratuito para comunicarse\u201d.<br \/>\nPor otro lado, Claudia, turista que visita El Impenetrable destac\u00f3: \u201ces una maravilla de lugar, mucha gente del pa\u00eds no lo conoce y la calidez humana y el recibimiento a los turistas, nos hace querer volver\u201d. \u201cEs sumamente importante contar con la conexi\u00f3n para la gente que vive en la zona, en situaciones de salud, de enfermedad, de necesidades, m\u00e1s all\u00e1 de las personas que venimos como turistas\u201d, remarc\u00f3.<br \/>\nEn la misma sinton\u00eda, Guillermo, tambi\u00e9n turista expres\u00f3 su sorpresa por \u201ctodo lo que se est\u00e1 implementando en cuanto al tema de la conectividad, los caminos, el acceso\u201d. \u201cSe est\u00e1 conectando con el resto del mundo y creo que es un beneficio de ida y vuelta, para las comunidades locales como para los que queremos conocer esto que realmente es una belleza\u201d, concluy\u00f3.<br \/>\n<<a href=\"http:\/\/www.avg.com\/email-signature?utm_medium=email&#038;utm_source=link&#038;utm_campaign=sig-email&#038;utm_content=webmail\">www.avg.com\/email-signature?utm_medium=email&amp;utm_source=link&amp;utm_campaign=sig-email&amp;utm_content=webmail<\/a>> Libre de virus.www.avg.com <<a href=\"http:\/\/www.avg.com\/email-signature?utm_medium=email&#038;utm_source=link&#038;utm_campaign=sig-email&#038;utm_content=webmail\">www.avg.com\/email-signature?utm_medium=email&amp;utm_source=link&amp;utm_campaign=sig-email&amp;utm_content=webmail<\/a>> <#DAB4FAD8-2DD7-40BB-A1B8-4E2AA1F9FDF2><\/p>\n","protected":false},"excerpt":{"rendered":"<p>\u201cTener conectividad nos abre el camino para incluirnos&#8221;, destac\u00f3 Sonia Massa, docente de la zona. Recientemente el Gobierno provincial junto a autoridades de Ecom Chaco y de Enacom, habilitaron la red de fibra \u00f3ptica para El Impenetrable. Se trata de una inversi\u00f3n de $327.126.800,44, de los cuales $300.126.800,44 fue un aporte de Enacom, mientras que [&hellip;]<\/p>\n","protected":false},"author":1,"featured_media":24455,"comment_status":"closed","ping_status":"closed","sticky":false,"template":"","format":"standard","meta":{"footnotes":""},"categories":[6],"tags":[],"class_list":{"0":"post-24454","1":"post","2":"type-post","3":"status-publish","4":"format-standard","5":"has-post-thumbnail","7":"category-chaco"},"_links":{"self":[{"href":"https:\/\/chacosintesis.com.ar\/index.php\/wp-json\/wp\/v2\/posts\/24454","targetHints":{"allow":["GET"]}}],"collection":[{"href":"https:\/\/chacosintesis.com.ar\/index.php\/wp-json\/wp\/v2\/posts"}],"about":[{"href":"https:\/\/chacosintesis.com.ar\/index.php\/wp-json\/wp\/v2\/types\/post"}],"author":[{"embeddable":true,"href":"https:\/\/chacosintesis.com.ar\/index.php\/wp-json\/wp\/v2\/users\/1"}],"replies":[{"embeddable":true,"href":"https:\/\/chacosintesis.com.ar\/index.php\/wp-json\/wp\/v2\/comments?post=24454"}],"version-history":[{"count":0,"href":"https:\/\/chacosintesis.com.ar\/index.php\/wp-json\/wp\/v2\/posts\/24454\/revisions"}],"wp:featuredmedia":[{"embeddable":true,"href":"https:\/\/chacosintesis.com.ar\/index.php\/wp-json\/wp\/v2\/media\/24455"}],"wp:attachment":[{"href":"https:\/\/chacosintesis.com.ar\/index.php\/wp-json\/wp\/v2\/media?parent=24454"}],"wp:term":[{"taxonomy":"category","embeddable":true,"href":"https:\/\/chacosintesis.com.ar\/index.php\/wp-json\/wp\/v2\/categories?post=24454"},{"taxonomy":"post_tag","embeddable":true,"href":"https:\/\/chacosintesis.com.ar\/index.php\/wp-json\/wp\/v2\/tags?post=24454"}],"curies":[{"name":"wp","href":"https:\/\/api.w.org\/{rel}","templated":true}]}}