{"id":24450,"date":"2023-07-27T09:17:28","date_gmt":"2023-07-27T12:17:28","guid":{"rendered":"https:\/\/chacosintesis.com.ar\/?p=24450"},"modified":"2023-07-27T09:36:41","modified_gmt":"2023-07-27T12:36:41","slug":"en-una-charla-con-adultos-mayores-el-gobernador-repaso-las-politicas-para-mejorar-la-calidad-de-vida","status":"publish","type":"post","link":"https:\/\/chacosintesis.com.ar\/index.php\/en-una-charla-con-adultos-mayores-el-gobernador-repaso-las-politicas-para-mejorar-la-calidad-de-vida\/","title":{"rendered":"En una charla con adultos mayores, el gobernador repas\u00f3 las pol\u00edticas para mejorar la calidad de vida"},"content":{"rendered":"<p>Durante la merienda en el Club Social, Cultural y Deportivo Villa Libertad de Resistencia, el mandatario convers\u00f3 con las y los adultos mayores y remarc\u00f3 la necesidad de seguir trabajando en \u201cpol\u00edticas amigables para las y los adultos mayores\u201d.<\/p>\n<p>El gobernador Jorge Capitanich particip\u00f3 este mi\u00e9rcoles de una merienda junto a adultos mayores y sus nietos, en el marco de los festejos por el D\u00eda del Abuelo y de la Abuela, que se celebra en el pa\u00eds cada 26 de julio. El mandatario convers\u00f3 con las y los adultos mayores, escuch\u00f3 pedidos y remarc\u00f3 la necesidad de seguir trabajando en \u201cpol\u00edticas amigables para las y los adultos mayores\u201d, expres\u00f3 Capitanich.<br \/>\nCapitanich agradeci\u00f3 la invitaci\u00f3n para celebrar este d\u00eda tan especial, desde las instalaciones del Club Social, Cultural y Deportivo \u201cVilla Libertad\u201d, ubicado en Edison 903 en Resistencia, donde realizan las actividades las y los adultos mayores del Club Palermitanos.<br \/>\nTras escuchar los pedidos, el mandatario asegur\u00f3 que \u201cvamos a trabajar para tener, a trav\u00e9s de Loter\u00eda Chaque\u00f1a, la posibilidad de contar con una infraestructura cubierta en estas instalaciones\u201d, dijo.<\/p>\n<p>Record\u00f3 las remodelaciones ejecutadas en el Club Villa Libertad en 2021, para seguir potenci\u00e1ndolo y beneficiando tanto a ni\u00f1as, ni\u00f1os y j\u00f3venes que practican deportes, como las y los adultos mayores que asisten a realizar actividades socio-recreativas y deportivas como talleres, tejo, newcom, bailes, ajedrez, etc.<br \/>\nEl Club Palermitanos, compuesto por cerca de 30 adultos mayores, se asoci\u00f3 al Club Social, Cultural y Deportivo \u201cVilla Libertad\u201d, (fundado en 1945) y utiliza sus instalaciones para realizar actividades.<\/p>\n<p>Agenda de pol\u00edticas amigables con adultos mayores<\/p>\n<p>El Gobierno provincial tiene una amplia agenda para las y los adultos mayores que tiene que ver con pol\u00edticas amigables y que incluyen desde reacondicionamiento de espacios p\u00fablicos, \u00e1reas verdes, y recreaci\u00f3n con sistemas de juego para el desarrollo pr\u00e1cticas deportivas, y eventos culturales.<br \/>\nAdem\u00e1s, se busca complementar estas acciones con inversiones en materia de infraestructura accesible, transporte p\u00fablico de pasajeros amigables, paradas seguras, etc. \u201cHay una multiplicidad de acciones cooperativas por parte del Estado para hacer mucho m\u00e1s amigables las ciudades con adultos mayores\u201d, confirm\u00f3.<br \/>\nA estas acciones, sum\u00f3 la perspectiva del 82% m\u00f3vil para jubilados de car\u00e1cter provincial, beneficiando a cerca de 32.000 jubilados en la provincia; el ejercicio de los derechos provisionales; el desarrollo del turismo social; fortalecimiento de centros de jubilados, pol\u00edticas de fortalecimiento de actividades recreativas, entre otros, con el objetivo de brindarles mejor calidad de vida.<br \/>\nParticiparon la ministra de Desarrollo Social, Mar\u00eda P\u00eda Chiacchio Cavana; el subsecretario de Personas Adultas Mayores, Atilio Garc\u00eda Plichta;  abuelas y abuelos del Club Palermitanos y autoridades del Club Social, Cultural y Deportivo \u201cVilla Libertad\u201d.<br \/>\nEl subsecretario de Personas Adultas Mayores, Atilio Garc\u00eda Plichta destac\u00f3 la importancia de este homenaje a abuelas y abuelos, \u201cque son los pilares fundamentales en una familia, que transmiten costumbres, cultura, historia, sabores, a trav\u00e9s de generaciones\u201d, dijo y destac\u00f3 la trayectoria del Club Palermitanos, uno de los m\u00e1s antiguos de la provincia.<\/p>\n<p>Homenajes para adultos mayores<\/p>\n<p>La presidenta del Club Social, Cultural y Deportivo \u201cVilla Libertad\u201d, Norma Araujo agradeci\u00f3 el acompa\u00f1amiento en esta fiesta para homenajear a abuelas y abuelos y sus nietos del Club Palermitanos. A su turno, el vocal titular del Club, Manuel G\u00f3mez se\u00f1al\u00f3 que \u201ces importante poder agasajar con una celebraci\u00f3n de las y los abuelos, junto a sus nietos\u201d, dijo G\u00f3mez.<br \/>\nCabe destacar que cada 26 de julio, se celebra el D\u00eda del Abuelo y de la Abuela debido a que la Iglesia Cat\u00f3lica recuerda a San Joaqu\u00edn y Santa Ana, padres de la Virgen Mar\u00eda y por ello, abuelos del ni\u00f1o Jes\u00fas. De esta forma, se los conoce como los \u201cpatronos de los abuelos\u201d. Adem\u00e1s de Argentina, el festejo se extiende a Cuba, Brasil, Espa\u00f1a, Nicaragua, Honduras, Panam\u00e1, Portugal y Venezuela.<\/p>\n","protected":false},"excerpt":{"rendered":"<p>Durante la merienda en el Club Social, Cultural y Deportivo Villa Libertad de Resistencia, el mandatario convers\u00f3 con las y los adultos mayores y remarc\u00f3 la necesidad de seguir trabajando en \u201cpol\u00edticas amigables para las y los adultos mayores\u201d. El gobernador Jorge Capitanich particip\u00f3 este mi\u00e9rcoles de una merienda junto a adultos mayores y sus [&hellip;]<\/p>\n","protected":false},"author":1,"featured_media":24451,"comment_status":"closed","ping_status":"closed","sticky":false,"template":"","format":"standard","meta":{"footnotes":""},"categories":[6],"tags":[],"class_list":{"0":"post-24450","1":"post","2":"type-post","3":"status-publish","4":"format-standard","5":"has-post-thumbnail","7":"category-chaco"},"_links":{"self":[{"href":"https:\/\/chacosintesis.com.ar\/index.php\/wp-json\/wp\/v2\/posts\/24450","targetHints":{"allow":["GET"]}}],"collection":[{"href":"https:\/\/chacosintesis.com.ar\/index.php\/wp-json\/wp\/v2\/posts"}],"about":[{"href":"https:\/\/chacosintesis.com.ar\/index.php\/wp-json\/wp\/v2\/types\/post"}],"author":[{"embeddable":true,"href":"https:\/\/chacosintesis.com.ar\/index.php\/wp-json\/wp\/v2\/users\/1"}],"replies":[{"embeddable":true,"href":"https:\/\/chacosintesis.com.ar\/index.php\/wp-json\/wp\/v2\/comments?post=24450"}],"version-history":[{"count":0,"href":"https:\/\/chacosintesis.com.ar\/index.php\/wp-json\/wp\/v2\/posts\/24450\/revisions"}],"wp:featuredmedia":[{"embeddable":true,"href":"https:\/\/chacosintesis.com.ar\/index.php\/wp-json\/wp\/v2\/media\/24451"}],"wp:attachment":[{"href":"https:\/\/chacosintesis.com.ar\/index.php\/wp-json\/wp\/v2\/media?parent=24450"}],"wp:term":[{"taxonomy":"category","embeddable":true,"href":"https:\/\/chacosintesis.com.ar\/index.php\/wp-json\/wp\/v2\/categories?post=24450"},{"taxonomy":"post_tag","embeddable":true,"href":"https:\/\/chacosintesis.com.ar\/index.php\/wp-json\/wp\/v2\/tags?post=24450"}],"curies":[{"name":"wp","href":"https:\/\/api.w.org\/{rel}","templated":true}]}}