{"id":24440,"date":"2023-07-26T17:16:26","date_gmt":"2023-07-26T20:16:26","guid":{"rendered":"https:\/\/chacosintesis.com.ar\/?p=24440"},"modified":"2023-07-26T17:36:41","modified_gmt":"2023-07-26T20:36:41","slug":"chaco-100-conectado-el-gobierno-provincial-inauguro-la-red-de-fibra-optica-en-el-impenetrable","status":"publish","type":"post","link":"https:\/\/chacosintesis.com.ar\/index.php\/chaco-100-conectado-el-gobierno-provincial-inauguro-la-red-de-fibra-optica-en-el-impenetrable\/","title":{"rendered":"Chaco 100% Conectado: el Gobierno provincial inaugur\u00f3 la red de fibra \u00f3ptica en El Impenetrable"},"content":{"rendered":"<p>En cuatro localidades en simult\u00e1neo, se habilitaron las obras que permitir\u00e1n el desarrollo integral de las telecomunicaciones en el noroeste provincial. Son 3.000 kil\u00f3metros de red que conectan a los 70 municipios.<br \/>\nEste mi\u00e9rcoles el Gobierno provincial junto a autoridades de Ecom Chaco y de Enacom, habilitaron la red de fibra \u00f3ptica para El Impenetrable.<br \/>\nSe trata de una inversi\u00f3n de $327.126.800,44, de los cuales $300.126.800,44 fue un aporte de Enacom, mientras que los $27.564.601,91 restantes los aporta Ecom Chaco, la empresa provincial de telecomunicaciones.<br \/>\nLas obras se incluyen en el programa Chaco 100% conectado y consiste en la vinculaci\u00f3n de localidades y parajes, a trav\u00e9s de la apertura de nodos.<br \/>\nEl gobernador Jorge Capitanich, desde Las Hacheras, expres\u00f3 que esta red de fibra \u00f3ptica, que permite conectar a todos los municipios, \u201ces muy importante\u201d, ya que implic\u00f3 la inversi\u00f3n y un esfuerzo extraordinario, junto con las obras de conectividad vial.<br \/>\n\u201cEn El Impenetrable estamos desarrollando 272 kil\u00f3metros de rutas de los cuales 200 km son con contratos de ejecuci\u00f3n y 72 km donde no hemos tenido ofertas pero vamos a insistir\u201d, coment\u00f3 el gobernador y expres\u00f3 que son obras de transformaci\u00f3n estructural, esto \u201csignifica conectar, acercar y transformar la calidad de vida de las personas\u201d.<br \/>\nPor su parte, la vicegobernadora Anal\u00eda Rach Quiroga, desde Fuerte Esperanza, expres\u00f3 su alegr\u00eda al establecer la primera conexi\u00f3n a trav\u00e9s de internet con la nueva red de fibra \u00f3ptica.<br \/>\n\u201cNos llena de orgullo y alegr\u00eda. Es un reconocimiento y agradecimiento a su decisi\u00f3n pol\u00edtica que ha tenido una mirada especial por nuestro departamento G\u00fcemes, nuestro impenetrable\u201d, subray\u00f3.<br \/>\nAdem\u00e1s, remarc\u00f3 que el hecho de que se realice un 26 de julio, en un aniversario del paso a la inmortalidad de Eva Duarte de Per\u00f3n, implica seguir su legado cuando sosten\u00eda que \u201cdonde existe una necesidad nace un derecho\u201d. \u201cCon la democratizaci\u00f3n del acceso a internet estamos garantizando derechos\u201d, expres\u00f3.<br \/>\nEl presidente de Ecom Chaco S.A, Lucas Vel\u00e1zquez, habl\u00f3 con Chaco TV sobre esta inauguraci\u00f3n y dijo que con esta puesta en funcionamiento se llega a los 3.000 kil\u00f3metros de red de fibra \u00f3ptica, lo que permite conectar a los 70 municipios del Chaco. En este sentido, manifest\u00f3 que se trata de una obra emblem\u00e1tica que \u201cva a permitir cubrir la demanda con cableoperadores locales a precios accesibles, calidad de servicios y llegar a las instituciones p\u00fablicas\u201d.<br \/>\nVel\u00e1zquez asegur\u00f3 que este programa de conectividad fue la plataforma del gobernador Capitanich y que \u201choy est\u00e1 cumpliendo\u201d.<br \/>\nPor otra parte, el vicepresidente de Ecom, Juli\u00e1n Ceballos, manifest\u00f3 que la red de fibra \u00f3ptica \u201cbusca achicar la brecha digital e incluir a m\u00e1s personas en la digitalizaci\u00f3n\u201d.<br \/>\nAdem\u00e1s, destac\u00f3 que fue uno de los objetivos del gobernador y que se trata de \u201cun d\u00eda hist\u00f3rico para la provincia\u201d.<br \/>\nEl proyecto contempla el desarrollo integral de las telecomunicaciones en peque\u00f1as localidades de la zona de El Impenetrable chaque\u00f1o, ubicado al noroeste de la provincia del Chaco, incluyendo las zonas m\u00e1s desfavorables y de escasa o pr\u00e1cticamente nula estructura de comunicaci\u00f3n.<br \/>\nPara la misma se contempla el tendido a\u00e9reo de una red troncal de fibra \u00f3ptica de 350 km. de extensi\u00f3n aproximadamente. El trazado de la misma se prev\u00e9 por la ruta  provincial N\u00b0 9, desde Miraflores hasta Las Hacheras y por ruta provincial N\u00b0 100 luego hasta Misi\u00f3n Nueva Pompeya, pasando por los parajes m\u00e1s poblados y coincide con la construcci\u00f3n de asfalto de estas rutas provinciales (Las Hacheras \u2013 Misi\u00f3n Nueva Pompeya). Luego el tendido desde Misi\u00f3n Nueva Pompeya hasta Fuerte Esperanza utilizando la postraci\u00f3n del tendido el\u00e9ctrico existente sobre ruta provincial N\u00b0 61. Por \u00faltimo, el tercer tramo contempla el tendido desde Misi\u00f3n Nueva Pompeya hasta El Sauzalito, pasando por Wichi, El Pintado y El Sauzal por ruta provincial N\u00b0 9.<br \/>\nEl despliegue de \u00faltima milla en la zona ya tiene instituciones objetivo, priorizando entes de educaci\u00f3n y salud. A su vez  poder garantizar conectividad a la poblaci\u00f3n y 73 dependencias de servicios p\u00fablicos existentes. Con estos proyectos se logra el objetivo de llegar al 100% del Territorio de la Provincia del Chaco y desde ah\u00ed a trav\u00e9s de Ecom y las Pymes Proveedoras de Internet llegar al 100% de los hogares Chaque\u00f1os.<\/p>\n","protected":false},"excerpt":{"rendered":"<p>En cuatro localidades en simult\u00e1neo, se habilitaron las obras que permitir\u00e1n el desarrollo integral de las telecomunicaciones en el noroeste provincial. Son 3.000 kil\u00f3metros de red que conectan a los 70 municipios. Este mi\u00e9rcoles el Gobierno provincial junto a autoridades de Ecom Chaco y de Enacom, habilitaron la red de fibra \u00f3ptica para El Impenetrable. [&hellip;]<\/p>\n","protected":false},"author":1,"featured_media":24441,"comment_status":"closed","ping_status":"closed","sticky":false,"template":"","format":"standard","meta":{"footnotes":""},"categories":[6],"tags":[],"class_list":{"0":"post-24440","1":"post","2":"type-post","3":"status-publish","4":"format-standard","5":"has-post-thumbnail","7":"category-chaco"},"_links":{"self":[{"href":"https:\/\/chacosintesis.com.ar\/index.php\/wp-json\/wp\/v2\/posts\/24440","targetHints":{"allow":["GET"]}}],"collection":[{"href":"https:\/\/chacosintesis.com.ar\/index.php\/wp-json\/wp\/v2\/posts"}],"about":[{"href":"https:\/\/chacosintesis.com.ar\/index.php\/wp-json\/wp\/v2\/types\/post"}],"author":[{"embeddable":true,"href":"https:\/\/chacosintesis.com.ar\/index.php\/wp-json\/wp\/v2\/users\/1"}],"replies":[{"embeddable":true,"href":"https:\/\/chacosintesis.com.ar\/index.php\/wp-json\/wp\/v2\/comments?post=24440"}],"version-history":[{"count":0,"href":"https:\/\/chacosintesis.com.ar\/index.php\/wp-json\/wp\/v2\/posts\/24440\/revisions"}],"wp:featuredmedia":[{"embeddable":true,"href":"https:\/\/chacosintesis.com.ar\/index.php\/wp-json\/wp\/v2\/media\/24441"}],"wp:attachment":[{"href":"https:\/\/chacosintesis.com.ar\/index.php\/wp-json\/wp\/v2\/media?parent=24440"}],"wp:term":[{"taxonomy":"category","embeddable":true,"href":"https:\/\/chacosintesis.com.ar\/index.php\/wp-json\/wp\/v2\/categories?post=24440"},{"taxonomy":"post_tag","embeddable":true,"href":"https:\/\/chacosintesis.com.ar\/index.php\/wp-json\/wp\/v2\/tags?post=24440"}],"curies":[{"name":"wp","href":"https:\/\/api.w.org\/{rel}","templated":true}]}}