{"id":24436,"date":"2023-07-26T17:12:02","date_gmt":"2023-07-26T20:12:02","guid":{"rendered":"https:\/\/chacosintesis.com.ar\/?p=24436"},"modified":"2023-07-26T17:36:40","modified_gmt":"2023-07-26T20:36:40","slug":"inicia-manana-el-pago-de-salarios-a-la-administracion-publica","status":"publish","type":"post","link":"https:\/\/chacosintesis.com.ar\/index.php\/inicia-manana-el-pago-de-salarios-a-la-administracion-publica\/","title":{"rendered":"Inicia ma\u00f1ana el pago de salarios a la Administraci\u00f3n P\u00fablica"},"content":{"rendered":"<p>Habr\u00e1 un incremento del 10% a la escala general y un aumento del 30% de la bonificaci\u00f3n de equiparaci\u00f3n salarial. A esto se le suma el aumento ya percibido el viernes con el cobro del refrigerio.<br \/>\nEl Ministro de Planificaci\u00f3n, Econom\u00eda e Infraestructura recuerda que este jueves y viernes se pagar\u00e1n los salarios de la Administraci\u00f3n P\u00fablica Provincial, comenzando con jubiladas y jubilados para finalizar con las y los trabajadores activos. \u201cComo es pol\u00edtica de Estado, los sueldos se pagar\u00e1n antes de fin de mes y con aumentos, ratificando la decisi\u00f3n del gobierno provincial de que el salario le gane a la inflaci\u00f3n con el objetivo de cuidar el poder adquisitivo de las y los chaque\u00f1os\u201d, se\u00f1al\u00f3 el ministro Santiago P\u00e9rez Pons.<br \/>\nEste jueves, se pagar\u00e1n los salarios a las y los jubilados provinciales. Ese d\u00eda, a partir de las 21, sus haberes estar\u00e1n disponibles en los cajeros autom\u00e1ticos del Nuevo Banco del Chaco. Un d\u00eda despu\u00e9s, podr\u00e1n cobrar por ventanilla en las sucursales habilitadas por la entidad crediticia.<br \/>\nMientras que las y los trabajadores activos cobrar\u00e1n sus sueldos el viernes, cuando tendr\u00e1n disponibles sus haberes en cajeros autom\u00e1ticos del NBCH. Luego, podr\u00e1n retirar sus sueldos por ventanilla en las sucursales habilitadas por el banco provincial, a partir del lunes 31.<br \/>\nEste mes los salarios tendr\u00e1n un aumento del 10% a la escala general, tal como se hab\u00eda acordado en las negociaciones salariales de marzo pasado (cuando se determin\u00f3 la pol\u00edtica salarial para 2023).<br \/>\nA esa suba se debe agregar otro incremento, en forma de bonificaci\u00f3n de equiparaci\u00f3n salarial. En este caso ser\u00e1 del 30%, que se calcula sobre el sueldo b\u00e1sico, el complemento b\u00e1sico y el suplemento remunerativo. Estaba previsto en tres etapas, pero se decidi\u00f3 acortar a dos, tras un acuerdo con los sindicatos estatales.<br \/>\nLas y los trabajadores judiciales tambi\u00e9n tendr\u00e1n aumentos con el cobro de salarios de julio. Adem\u00e1s, se debe sumar el incremento que percibir\u00e1n las y los docentes chaque\u00f1os; como as\u00ed tambi\u00e9n las y los jubilados de estos sectores estatales.<br \/>\nEl viernes pasado se hab\u00eda depositado el Refrigerio en las Tarjetas Recargables Tuya, con un nuevo aumento, para llegar a $32.500, que es el tercero otorgado desde abril, cuando pas\u00f3 de $16.500 a $ 24.500, luego hubo otra suba de $24.500 a $28.500.<br \/>\n\u201cPara 2023, el objetivo es sostener que los sueldos contin\u00faen por encima de la previsi\u00f3n inflacionaria, teniendo en cuenta la prioridad del proceso de recomposici\u00f3n salarial en los \u00faltimos tres a\u00f1os\u201d, ratific\u00f3 el titular de la cartera econ\u00f3mica provincial.<\/p>\n","protected":false},"excerpt":{"rendered":"<p>Habr\u00e1 un incremento del 10% a la escala general y un aumento del 30% de la bonificaci\u00f3n de equiparaci\u00f3n salarial. A esto se le suma el aumento ya percibido el viernes con el cobro del refrigerio. El Ministro de Planificaci\u00f3n, Econom\u00eda e Infraestructura recuerda que este jueves y viernes se pagar\u00e1n los salarios de la [&hellip;]<\/p>\n","protected":false},"author":1,"featured_media":24437,"comment_status":"closed","ping_status":"closed","sticky":false,"template":"","format":"standard","meta":{"footnotes":""},"categories":[6],"tags":[],"class_list":{"0":"post-24436","1":"post","2":"type-post","3":"status-publish","4":"format-standard","5":"has-post-thumbnail","7":"category-chaco"},"_links":{"self":[{"href":"https:\/\/chacosintesis.com.ar\/index.php\/wp-json\/wp\/v2\/posts\/24436","targetHints":{"allow":["GET"]}}],"collection":[{"href":"https:\/\/chacosintesis.com.ar\/index.php\/wp-json\/wp\/v2\/posts"}],"about":[{"href":"https:\/\/chacosintesis.com.ar\/index.php\/wp-json\/wp\/v2\/types\/post"}],"author":[{"embeddable":true,"href":"https:\/\/chacosintesis.com.ar\/index.php\/wp-json\/wp\/v2\/users\/1"}],"replies":[{"embeddable":true,"href":"https:\/\/chacosintesis.com.ar\/index.php\/wp-json\/wp\/v2\/comments?post=24436"}],"version-history":[{"count":0,"href":"https:\/\/chacosintesis.com.ar\/index.php\/wp-json\/wp\/v2\/posts\/24436\/revisions"}],"wp:featuredmedia":[{"embeddable":true,"href":"https:\/\/chacosintesis.com.ar\/index.php\/wp-json\/wp\/v2\/media\/24437"}],"wp:attachment":[{"href":"https:\/\/chacosintesis.com.ar\/index.php\/wp-json\/wp\/v2\/media?parent=24436"}],"wp:term":[{"taxonomy":"category","embeddable":true,"href":"https:\/\/chacosintesis.com.ar\/index.php\/wp-json\/wp\/v2\/categories?post=24436"},{"taxonomy":"post_tag","embeddable":true,"href":"https:\/\/chacosintesis.com.ar\/index.php\/wp-json\/wp\/v2\/tags?post=24436"}],"curies":[{"name":"wp","href":"https:\/\/api.w.org\/{rel}","templated":true}]}}