{"id":24434,"date":"2023-07-26T17:09:09","date_gmt":"2023-07-26T20:09:09","guid":{"rendered":"https:\/\/chacosintesis.com.ar\/?p=24434"},"modified":"2023-07-26T17:36:40","modified_gmt":"2023-07-26T20:36:40","slug":"el-gobierno-inauguro-un-frigorifico-32-viviendas-y-obras-de-electrificacion-en-miraflores","status":"publish","type":"post","link":"https:\/\/chacosintesis.com.ar\/index.php\/el-gobierno-inauguro-un-frigorifico-32-viviendas-y-obras-de-electrificacion-en-miraflores\/","title":{"rendered":"El Gobierno inaugur\u00f3 un frigor\u00edfico, 32 viviendas y obras de electrificaci\u00f3n en Miraflores"},"content":{"rendered":"<p>Tambi\u00e9n quedaron habilitadas las refacciones del instituto Ren\u00e9 Favaloro. &#8220;S\u00f3lo nosotros nos atrevemos a pelear contra el centralismo porte\u00f1o, somos muy pocos los que le hacemos frente a las campa\u00f1as difamatorias y defendemos al pueblo\u201d, sostuvo Capitanich.<br \/>\nEste mi\u00e9rcoles, en Miraflores, el gobernador Jorge Capitanich inaugur\u00f3 el frigor\u00edfico municipal, entreg\u00f3 32 viviendas, habilit\u00f3 obras de electrificaci\u00f3n y la refacci\u00f3n del Instituto de Ense\u00f1anza Superior \u201cRen\u00e9 Favaloro\u201d. \u201cTransformamos la provincia, fuimos capaces de hacer mucho y seguiremos por ese camino, nosotros optamos por hacer y cambiar la vida de la comunidad; no como los difamadores que solo hablan y no hacen nada\u201d, sostuvo el mandatario.<br \/>\n\u201cS\u00f3lo las y los peronistas transformamos la provincia. S\u00f3lo las y los peronistas nos atrevemos a pelear contra el centralismo porte\u00f1o. Somos muy pocos los que le hacemos frente a las campa\u00f1as difamatorias y nos ponemos a defender al pueblo\u201d, asever\u00f3 Capitanich luego de inaugurar y entregar las obras a la comunidad.<\/p>\n<p>M\u00e1s producci\u00f3n y servicios<\/p>\n<p>El frigor\u00edfico Municipal se construy\u00f3 en dos etapas que demandaron una inversi\u00f3n total de $116.951.299. La obra se llev\u00f3 a cabo con mano de obra local debidamente capacitada, con la finalidad de potenciar el desarrollo productivo. Tendr\u00e1 capacidad para faenar 80 animales por d\u00eda, lo que demandar\u00e1 la contrataci\u00f3n de 14 trabajadores de la localidad.<br \/>\nEl gobernador indic\u00f3 que este emprendimiento favorecer\u00e1 a los productores ganaderos y carnicer\u00edas, ya que permitir\u00e1 tener una faena organizada y de calidad, todo ello conforme a lo que dicta la Ley N\u00ba22.375 Federal de Carnes. \u201cLo que buscamos es erradicar la faena clandestina, con eso erradicamos el abigeato, y para eso tenemos un frigor\u00edfico que garantiza alimentos\u201d, dijo Capitanich.<br \/>\nEn cuanto a la obra de electrificaci\u00f3n rural en los parajes Monte Caseros y El Retiro tiene como beneficiarias a 39 familias, que ahora pueden acceder a la potencia necesaria para mejorar su calidad de vida con equipos electrodom\u00e9sticos. La inversi\u00f3n realizada alcanz\u00f3 los $95.721.420, en concepto de redes de media y baja tensi\u00f3n.<\/p>\n<p>Necesidades satisfechas<br \/>\nJuana Garc\u00eda, vecina del paraje Monte Caseros, manifest\u00f3 su alegr\u00eda, ya que ahora podr\u00e1n pasar con m\u00e1s tranquilidad los veranos que suelen ser &#8220;muy duros&#8221; por las altas temperaturas. &#8220;La electrificaci\u00f3n no es un lujo es una necesidad, necesitamos energ\u00eda para mantener los alimentos, los medicamentos, as\u00ed que ahora va a ser una vida diferente\u201d, asegur\u00f3. Este a\u00f1o se incorporaron 164 nuevos usuarios y todav\u00eda faltan otros 182.<br \/>\nLas 32 viviendas, que fueron entregadas hace dos meses, tuvieron una inversi\u00f3n que alcanz\u00f3 los $279.658.454. Cada unidad cuenta con dos habitaciones, ba\u00f1o, cocina y comedor. La construcci\u00f3n de las soluciones habitacionales gener\u00f3 48 puestos de trabajo. Tras la entrega, el gobernador anunci\u00f3 que se construir\u00e1n 15 soluciones habitacionales en Miraflores.<\/p>\n<p>Inauguraci\u00f3n del Instituto Ren\u00e9 Favaloro<br \/>\nLa obra de refacci\u00f3n integral del Instituto de Ense\u00f1anza Superior \u201cRen\u00e9 Favaloro\u201d implic\u00f3 una inversi\u00f3n de $ 16.678.273. Al edificio asisten durante el horario nocturno 270 estudiantes, y por la ma\u00f1ana otros 190 de la Escuela de Educaci\u00f3n Primaria N\u00b01089.<br \/>\n\u201cHoy nuestros j\u00f3venes tienen la posibilidad de estudiar una carrera en la localidad donde viven, esto es parte de una pol\u00edtica p\u00fablica que busca mejorar la calidad de vida de nuestros pueblos. Esto es un Estado presente en cada rinc\u00f3n de la provincia\u201d, se\u00f1al\u00f3 el director de estudios del Instituto Favaloro, Donato Kuris.<br \/>\nEl instituto tiene entre sus ofertas acad\u00e9micas la Tecnicatura Superior en Tecnolog\u00eda de los Alimentos y los profesorados en ingl\u00e9s, danza y Ciencias de la Educaci\u00f3n.<br \/>\nEstuvieron presentes los intendentes de Miraflores Jorge Frank y de Juan Jos\u00e9 Castelli P\u00edo Sander; la directora de Medios P\u00fablicos, Guillermina Capitanich; el candidato a intendente de Miraflores, Rafael Fr\u00edas; el encargado del Frigor\u00edfico Municipal, Roberto Albornoz; y dem\u00e1s autoridades locales.<\/p>\n","protected":false},"excerpt":{"rendered":"<p>Tambi\u00e9n quedaron habilitadas las refacciones del instituto Ren\u00e9 Favaloro. &#8220;S\u00f3lo nosotros nos atrevemos a pelear contra el centralismo porte\u00f1o, somos muy pocos los que le hacemos frente a las campa\u00f1as difamatorias y defendemos al pueblo\u201d, sostuvo Capitanich. Este mi\u00e9rcoles, en Miraflores, el gobernador Jorge Capitanich inaugur\u00f3 el frigor\u00edfico municipal, entreg\u00f3 32 viviendas, habilit\u00f3 obras de [&hellip;]<\/p>\n","protected":false},"author":1,"featured_media":24435,"comment_status":"closed","ping_status":"closed","sticky":false,"template":"","format":"standard","meta":{"footnotes":""},"categories":[6],"tags":[],"class_list":{"0":"post-24434","1":"post","2":"type-post","3":"status-publish","4":"format-standard","5":"has-post-thumbnail","7":"category-chaco"},"_links":{"self":[{"href":"https:\/\/chacosintesis.com.ar\/index.php\/wp-json\/wp\/v2\/posts\/24434","targetHints":{"allow":["GET"]}}],"collection":[{"href":"https:\/\/chacosintesis.com.ar\/index.php\/wp-json\/wp\/v2\/posts"}],"about":[{"href":"https:\/\/chacosintesis.com.ar\/index.php\/wp-json\/wp\/v2\/types\/post"}],"author":[{"embeddable":true,"href":"https:\/\/chacosintesis.com.ar\/index.php\/wp-json\/wp\/v2\/users\/1"}],"replies":[{"embeddable":true,"href":"https:\/\/chacosintesis.com.ar\/index.php\/wp-json\/wp\/v2\/comments?post=24434"}],"version-history":[{"count":0,"href":"https:\/\/chacosintesis.com.ar\/index.php\/wp-json\/wp\/v2\/posts\/24434\/revisions"}],"wp:featuredmedia":[{"embeddable":true,"href":"https:\/\/chacosintesis.com.ar\/index.php\/wp-json\/wp\/v2\/media\/24435"}],"wp:attachment":[{"href":"https:\/\/chacosintesis.com.ar\/index.php\/wp-json\/wp\/v2\/media?parent=24434"}],"wp:term":[{"taxonomy":"category","embeddable":true,"href":"https:\/\/chacosintesis.com.ar\/index.php\/wp-json\/wp\/v2\/categories?post=24434"},{"taxonomy":"post_tag","embeddable":true,"href":"https:\/\/chacosintesis.com.ar\/index.php\/wp-json\/wp\/v2\/tags?post=24434"}],"curies":[{"name":"wp","href":"https:\/\/api.w.org\/{rel}","templated":true}]}}