{"id":24430,"date":"2023-07-26T17:05:27","date_gmt":"2023-07-26T20:05:27","guid":{"rendered":"https:\/\/chacosintesis.com.ar\/?p=24430"},"modified":"2023-07-26T17:06:53","modified_gmt":"2023-07-26T20:06:53","slug":"la-jueza-niremperger-asume-el-caso-por-la-avioneta-caida-en-avia-terai","status":"publish","type":"post","link":"https:\/\/chacosintesis.com.ar\/index.php\/la-jueza-niremperger-asume-el-caso-por-la-avioneta-caida-en-avia-terai\/","title":{"rendered":"La jueza Niremperger asume el caso por la avioneta ca\u00edda en Avia Terai"},"content":{"rendered":"<p>La jueza federal de Resistencia habl\u00f3 sobre la causa por la avioneta narco ca\u00edda en Avia Terai e inform\u00f3 que en el d\u00eda de ayer la Fiscal\u00eda Federal de S\u00e1enz Pe\u00f1a declin\u00f3 su competencia y que el caso estar\u00eda vinculado con una investigaci\u00f3n ya abierta.<br \/>\nZunilda Niremperger, jueza federal de Resistencia, dialog\u00f3 con Chaco TV sobre la causa por la avioneta narco ca\u00edda en Avia Terai el 18 de julio e inform\u00f3 que en el d\u00eda de ayer la Fiscal\u00eda Federal de S\u00e1enz Pe\u00f1a declin\u00f3 su competencia y que el caso estar\u00eda vinculado con una investigaci\u00f3n ya abierta. \u201cHemos conectado a esta avioneta y el cargamento con una investigaci\u00f3n que venimos llevando adelante hace m\u00e1s de un a\u00f1o\u201d, expres\u00f3.<br \/>\nEn este sentido, explic\u00f3 que debido a la entrada de aeronaves clandestinas que sobrevuelan zonas de la provincia en base a los datos recolectados por pobladores e investigadores de Chaco, la investigaci\u00f3n est\u00e1 \u201cbajo una premisa que suele suponer que la droga viene de Bolivia y que toma como pa\u00edses puente Argentina, Uruguay y Paraguay para ser llevada al exterior\u201d. Asimismo, destac\u00f3 la importancia de analizar las similitudes de los aviones de los casos anteriores.<br \/>\nLa abogada se\u00f1al\u00f3: \u201cExisten vuelos clandestinos que traen su mercader\u00eda desde los pa\u00edses lim\u00edtrofes hacia nuestro pa\u00eds para luego llevarlos a lugares como Europa o Asia\u201d. Adem\u00e1s, debido al trabajo conjunto con el comisario Duarte y la polic\u00eda de la provincia, el Juzgado dio cuenta de que \u201ceran parte de las maniobras que se ven\u00edan investigando en esta zona\u201d, por lo tanto, solicitaron la unificaci\u00f3n de ambas investigaciones. Por \u00faltimo, se refiri\u00f3 a las hip\u00f3tesis que circulaban sobre si se tratar\u00eda de un c\u00e1rtel de Bolivia. \u201cPresunciones hay muchas, pero no me podr\u00eda apresurar a decir eso\u201d, expres\u00f3 Niremperger, y concluy\u00f3: \u201cTenemos que analizar toda la investigaci\u00f3n ya existente\u201d.<\/p>\n","protected":false},"excerpt":{"rendered":"<p>La jueza federal de Resistencia habl\u00f3 sobre la causa por la avioneta narco ca\u00edda en Avia Terai e inform\u00f3 que en el d\u00eda de ayer la Fiscal\u00eda Federal de S\u00e1enz Pe\u00f1a declin\u00f3 su competencia y que el caso estar\u00eda vinculado con una investigaci\u00f3n ya abierta. Zunilda Niremperger, jueza federal de Resistencia, dialog\u00f3 con Chaco TV [&hellip;]<\/p>\n","protected":false},"author":1,"featured_media":24431,"comment_status":"closed","ping_status":"closed","sticky":false,"template":"","format":"standard","meta":{"footnotes":""},"categories":[6],"tags":[],"class_list":{"0":"post-24430","1":"post","2":"type-post","3":"status-publish","4":"format-standard","5":"has-post-thumbnail","7":"category-chaco"},"_links":{"self":[{"href":"https:\/\/chacosintesis.com.ar\/index.php\/wp-json\/wp\/v2\/posts\/24430","targetHints":{"allow":["GET"]}}],"collection":[{"href":"https:\/\/chacosintesis.com.ar\/index.php\/wp-json\/wp\/v2\/posts"}],"about":[{"href":"https:\/\/chacosintesis.com.ar\/index.php\/wp-json\/wp\/v2\/types\/post"}],"author":[{"embeddable":true,"href":"https:\/\/chacosintesis.com.ar\/index.php\/wp-json\/wp\/v2\/users\/1"}],"replies":[{"embeddable":true,"href":"https:\/\/chacosintesis.com.ar\/index.php\/wp-json\/wp\/v2\/comments?post=24430"}],"version-history":[{"count":0,"href":"https:\/\/chacosintesis.com.ar\/index.php\/wp-json\/wp\/v2\/posts\/24430\/revisions"}],"wp:featuredmedia":[{"embeddable":true,"href":"https:\/\/chacosintesis.com.ar\/index.php\/wp-json\/wp\/v2\/media\/24431"}],"wp:attachment":[{"href":"https:\/\/chacosintesis.com.ar\/index.php\/wp-json\/wp\/v2\/media?parent=24430"}],"wp:term":[{"taxonomy":"category","embeddable":true,"href":"https:\/\/chacosintesis.com.ar\/index.php\/wp-json\/wp\/v2\/categories?post=24430"},{"taxonomy":"post_tag","embeddable":true,"href":"https:\/\/chacosintesis.com.ar\/index.php\/wp-json\/wp\/v2\/tags?post=24430"}],"curies":[{"name":"wp","href":"https:\/\/api.w.org\/{rel}","templated":true}]}}