{"id":24428,"date":"2023-07-26T17:04:19","date_gmt":"2023-07-26T20:04:19","guid":{"rendered":"https:\/\/chacosintesis.com.ar\/?p=24428"},"modified":"2023-07-26T17:06:52","modified_gmt":"2023-07-26T20:06:52","slug":"virtuality-chaco-llega-manana-a-resistencia","status":"publish","type":"post","link":"https:\/\/chacosintesis.com.ar\/index.php\/virtuality-chaco-llega-manana-a-resistencia\/","title":{"rendered":"Virtuality Chaco llega ma\u00f1ana a Resistencia"},"content":{"rendered":"<p>Con entrada libre y gratuita, el evento de tecnolog\u00eda m\u00e1s grande de Am\u00e9rica Latina llega a la provincia desde ma\u00f1ana y hasta el s\u00e1bado. Las actividades tendr\u00e1n lugar en el Centro de Convenciones Gala, con la organizaci\u00f3n y el respaldo de ECOM Chaco y del Gobierno provincial.<br \/>\nA partir de ma\u00f1ana y hasta el s\u00e1bado, de 15 a 22, se realizar\u00e1 Virtuality Chaco en la ciudad de Resistencia, la expo de tecnolog\u00eda m\u00e1s ic\u00f3nica de Europa. Las actividades propuestas se desarrollar\u00e1n en el Centro de Convenciones Gala y estar\u00e1n disponibles con entrada libre y gratuita. El evento es organizado por ECOM Chaco y el Gobierno de la Provincia del Chaco. Julien Brun, manager de Virtuality, habl\u00f3 con Chaco TV y dio m\u00e1s detalles sobre el evento.<br \/>\n\u201cEs un festival de nuevas tecnolog\u00edas que naci\u00f3 en Par\u00eds en 2016 y estamos muy contentos de empezar la primera edici\u00f3n de Virtuality Chaco a partir de ma\u00f1ana\u201d, expres\u00f3 Brun. En ese sentido, explic\u00f3 que habr\u00e1 tres pilares de tecnolog\u00edas: las tecnolog\u00edas inmersivas, el universo blockchain y la inteligencia artificial. Asimismo, coment\u00f3 que habr\u00e1 actividades, talleres y charlas sobre estas tem\u00e1ticas. \u201cEl objetivo es acercar estas tecnolog\u00edas a la gente, que la gente se d\u00e9 cuenta de que no son tecnolog\u00edas del futuro y que ya tienen aplicaciones en todos los sectores\u201d, concluy\u00f3.<br \/>\nLas charlas, d\u00eda por d\u00eda<br \/>\nDesde la organizaci\u00f3n dieron a conocer el programa de charlas para las tres jornadas. As\u00ed, el jueves 27, el primer d\u00eda, una de las propuestas ser\u00e1 la charla \u201cImmersive Film &#8211; Ficci\u00f3n y documental inmersivo\u201d a cargo de Ramiro Alvarez &amp; Martiniano Caballieri. Luego, Nicol\u00e1s Fern\u00e1ndez Miranda expondr\u00e1 \u201cHackeando tu cerebro para ser m\u00e1s productivo\u201d; y Dominique Croce hablar\u00e1 sobre \u201cBlockchain y sus aplicaciones\u201d.<br \/>\nTambi\u00e9n el jueves Desir\u00e9e Jaimovich ofrecer\u00e1 la charla \u201cLa revoluci\u00f3n creativa de las m\u00e1quinas\u201d; Daniela Barrera contar\u00e1 c\u00f3mo es \u201cPisar Malvinas: una experiencia inmersiva nacida en la UNSAM\u201d; y luego habr\u00e1 una charla sobre el Ecosistema crypto en el NEA, por Crypto Nea 1. Como cierre de la jornada inicial, Paula Aguirre expondr\u00e1 \u201cFlora: People &amp; Planet: Web3 para el desarrollo de soluciones basadas en la naturaleza\u201d.<br \/>\nEl viernes 28, segunda jornada de expo, Eduardo Labollita hablar\u00e1 sobre \u201cLoid, la evoluci\u00f3n a la web 3D\u201d. Luego, Julieta Schulkin llegar\u00e1 con la propuesta \u201cVuelta por el metaverso\u201d; Ignacio Dimattia ofrecer\u00e1 la charla \u201cMetaversos deportivos\u201d, y Pablo Fern\u00e1ndez expondr\u00e1 sobre \u201cIA: evoluci\u00f3n, soluciones y uso responsable\u201d.<br \/>\nEn esta jornada, otras charlas ser\u00e1n: Guillermo Javier Mutis y Milo Lockett con \u201cMilo Lockett y su Miloverso\u201d; luego habr\u00e1 un espacio para VR San Juan y, a continuaci\u00f3n, Mariela Dolce expondr\u00e1 la \u201cTransformaci\u00f3n digital gubernamental\u201d en el Chaco. Como cierre, tras un espacio para Corporaci\u00f3n C\u00e1psula 1, Paula Aguirre hablar\u00e1 sobre \u201cPeople &amp; Planet\u201d.<br \/>\nLa jornada final, el s\u00e1bado 29, abrir\u00e1 con un espacio para Corporaci\u00f3n C\u00e1psula 2; tras lo cual, Francis Martina expondr\u00e1 sobre \u201cEcosistema de las nuevas tecnolog\u00edas y realidades mixtas\u201d; despu\u00e9s har\u00e1n lo propio Lucas Toledo y Joy Koloff de Crypto NEA con \u201cIntroducci\u00f3n a blockchain y criptomonedas: fundamentos para entender Web3\u201d.<br \/>\nLuego, Joan Cwaik plantear\u00e1 en otra charla \u201c\u00bfC\u00f3mo ser\u00e1 el trabajo del futuro? Habilidades para liderar el siglo XXI\u201d; y luego habr\u00e1 un espacio para Mat\u00edas Miro del Ew Gaming Club. Las \u00faltimas actividades ser\u00e1n la entrega de premios de la Residencia XR; y la charla de Mois\u00e9s Ruiz D\u00edaz \u201c\u00bfEs seguro el universo Blockchain?\u201d.<br \/>\nDe Europa a Latinoam\u00e9rica<br \/>\nVirtuality nace en Par\u00eds en el a\u00f1o 2016 como la primera Feria de Tecnolog\u00edas Inmersivas de Europa. Esta novedosa iniciativa, desarrollada por su fundador Julien Brun, ten\u00eda como objetivo dar visibilidad a profesionales relacionados con los sectores de la realidad virtual, la realidad aumentada, la realidad mixta y los hologramas. Por aquel entonces, este tipo de tecnolog\u00edas ya comenzaban a posicionarse como una gran herramienta para transformar el mundo.<br \/>\nLuego de su edici\u00f3n en Buenos Aires, la quinta en el pa\u00eds, Virtuality Festival llega a la ciudad de Resistencia de la mano de ECOM Chaco y el Gobierno de la Provincia de Chaco, para divulgar y democratizar el acceso a las nuevas tecnolog\u00edas que en distintos \u00e1mbitos transforman el d\u00eda a d\u00eda de todas las personas. \u201cEl a\u00f1o pasado fue la revoluci\u00f3n del metaverso y los mundos virtuales, este a\u00f1o se suma la gran novedad de la Inteligencia Artificial. Todo esto nos obliga a, pr\u00e1cticamente, repensar nuestra existencia. Desde Virtuality queremos que siga avanzando, pero siempre con consciencia y responsabilidad\u201d, afirma Brun.<br \/>\nUna experiencia \u00fanica<br \/>\nLa premisa es: para entender la nueva realidad, \u00a1primero hay que vivirla! Los visitantes de Virtuality podr\u00e1n vivir durante tres d\u00edas una experiencia \u00fanica y sumergirse en la nueva realidad en la mayor exposici\u00f3n de tecnolog\u00edas inmersivas de la regi\u00f3n.<br \/>\nEn esta oportunidad habr\u00e1 m\u00e1s de 40 expositores, \u00e1rea de E-Sports y Gaming y espacio para ni\u00f1os. Adem\u00e1s, la participaci\u00f3n de distintos oradores en el \u00e1mbito de tecnolog\u00edas inmersivas, metaversos, blockchain y Web 3.0, junto a expertos de grandes empresas como Globant y Microsoft, reunidos para ofrecer una experiencia \u00fanica que integra nuevas tecnolog\u00edas, arte, cultura, gastronom\u00eda, entretenimiento y educaci\u00f3n.<br \/>\n\u201cEl evento va a contar con m\u00e1s de 50 cascos de realidad virtual Oculus Quest 2, los cascos de \u00faltima generaci\u00f3n que se pueden conseguir en el mercado, un r\u00e9cord que nos pone muy orgullosos, y que demuestra que estamos a la altura de las mejores expos de tecnolog\u00eda del mundo\u201d, se\u00f1ala Claudio Dicmonas, organizador de Virtuality Festival.<\/p>\n","protected":false},"excerpt":{"rendered":"<p>Con entrada libre y gratuita, el evento de tecnolog\u00eda m\u00e1s grande de Am\u00e9rica Latina llega a la provincia desde ma\u00f1ana y hasta el s\u00e1bado. Las actividades tendr\u00e1n lugar en el Centro de Convenciones Gala, con la organizaci\u00f3n y el respaldo de ECOM Chaco y del Gobierno provincial. A partir de ma\u00f1ana y hasta el s\u00e1bado, [&hellip;]<\/p>\n","protected":false},"author":1,"featured_media":24429,"comment_status":"closed","ping_status":"closed","sticky":false,"template":"","format":"standard","meta":{"footnotes":""},"categories":[6],"tags":[],"class_list":{"0":"post-24428","1":"post","2":"type-post","3":"status-publish","4":"format-standard","5":"has-post-thumbnail","7":"category-chaco"},"_links":{"self":[{"href":"https:\/\/chacosintesis.com.ar\/index.php\/wp-json\/wp\/v2\/posts\/24428","targetHints":{"allow":["GET"]}}],"collection":[{"href":"https:\/\/chacosintesis.com.ar\/index.php\/wp-json\/wp\/v2\/posts"}],"about":[{"href":"https:\/\/chacosintesis.com.ar\/index.php\/wp-json\/wp\/v2\/types\/post"}],"author":[{"embeddable":true,"href":"https:\/\/chacosintesis.com.ar\/index.php\/wp-json\/wp\/v2\/users\/1"}],"replies":[{"embeddable":true,"href":"https:\/\/chacosintesis.com.ar\/index.php\/wp-json\/wp\/v2\/comments?post=24428"}],"version-history":[{"count":0,"href":"https:\/\/chacosintesis.com.ar\/index.php\/wp-json\/wp\/v2\/posts\/24428\/revisions"}],"wp:featuredmedia":[{"embeddable":true,"href":"https:\/\/chacosintesis.com.ar\/index.php\/wp-json\/wp\/v2\/media\/24429"}],"wp:attachment":[{"href":"https:\/\/chacosintesis.com.ar\/index.php\/wp-json\/wp\/v2\/media?parent=24428"}],"wp:term":[{"taxonomy":"category","embeddable":true,"href":"https:\/\/chacosintesis.com.ar\/index.php\/wp-json\/wp\/v2\/categories?post=24428"},{"taxonomy":"post_tag","embeddable":true,"href":"https:\/\/chacosintesis.com.ar\/index.php\/wp-json\/wp\/v2\/tags?post=24428"}],"curies":[{"name":"wp","href":"https:\/\/api.w.org\/{rel}","templated":true}]}}