{"id":24416,"date":"2023-07-26T16:48:38","date_gmt":"2023-07-26T19:48:38","guid":{"rendered":"https:\/\/chacosintesis.com.ar\/?p=24416"},"modified":"2023-07-26T17:06:47","modified_gmt":"2023-07-26T20:06:47","slug":"la-escuelita-de-la-voz-dara-un-taller-de-locucion-en-saenz-pena-y-resistencia","status":"publish","type":"post","link":"https:\/\/chacosintesis.com.ar\/index.php\/la-escuelita-de-la-voz-dara-un-taller-de-locucion-en-saenz-pena-y-resistencia\/","title":{"rendered":"La \u201cEscuelita de la voz\u201d dar\u00e1 un taller de locuci\u00f3n en S\u00e1enz Pe\u00f1a y Resistencia"},"content":{"rendered":"<p>\u201cEscuelita de la voz\u201d brindar\u00e1 el Taller de Locuci\u00f3n: \u201cEntrenamiento de la voz\u201d en las localidades de S\u00e1enz Pe\u00f1a y Resistencia. La propuesta, dirigida a todas las personas \u2013con y sin experiencia- interesadas en conocer y practicar las t\u00e9cnicas de respiraci\u00f3n y vocalizaci\u00f3n, ofrece herramientas para desarrollar las cualidades de la voz, mejorar la comunicaci\u00f3n de ideas, aprender a manejar los nervios de hablar en p\u00fablico y lograr calidad en la interpretaci\u00f3n de distintos tipos de textos.<br \/>\nEl espacio de formaci\u00f3n y entrenamiento vocal se desarrollar\u00e1 en las localidades de S\u00e1enz Pe\u00f1a y Resistencia. El primer encuentro es el s\u00e1bado 5 de agosto -de 14 a 18 horas- en la Sala de Teatro &#8220;Septiembre&#8221;, ubicada en calle 1 entre 6 y 8 (S\u00e1enz Pe\u00f1a). La siguiente fecha es el s\u00e1bado 9 de septiembre -de 16 a 20 horas- en el Museo de Esculturas \u201cHumberto G\u00f3mez Lollo\u201d, ubicado en avenida Lavalle y L\u00f3pez y Planes (Resistencia).<br \/>\nLa capacitaci\u00f3n estar\u00e1 a cargo de Mar\u00eda Cecilia Herrera (Locutora Nacional Mat. N\u00b0 12.390, docente, conductora y productora de radio) y Cesar Feyen (Locutor Publicitario y Actor de Doblaje). El valor es de 5 mil pesos y puede abonarse por transferencia. Con una duraci\u00f3n de cuatro horas, el taller incluye certificado de participaci\u00f3n, montaje de equipo t\u00e9cnico para practicar y grabar, material de lectura, ejercicios y un compendio bibliogr\u00e1fico tem\u00e1tico sobre locuci\u00f3n y la voz -en formato digital- disponible para descarga.<br \/>\nPara m\u00e1s informaci\u00f3n e inscripciones, comunicarse por WhatsApp, al 362-4709116.<\/p>\n<p>Programa del Taller de Locuci\u00f3n: \u201cEntrenamiento de la voz\u201d<br \/>\nEje 1: cuidado de la voz; higiene vocal: usos inadecuados de la voz, estilo y entorno de vida de los\/as profesionales de la voz, factores de riesgo, medidas de prevenci\u00f3n. Postura corporal sana y relajaci\u00f3n. Eje 2: respiraci\u00f3n: tipos; dosificaci\u00f3n del aire, ataque vocal, esdrujulizaciones y finales blandos; articulaci\u00f3n: vocalizaci\u00f3n y ejercitaci\u00f3n. Eje 3: la voz, t\u00e9cnica vocal: producci\u00f3n, calidad, proyecci\u00f3n y colocaci\u00f3n de la voz; cavidades de resonancia: nasal y gutural. Cualidades de la voz: timbre, tono, volumen o intensidad, velocidad o duraci\u00f3n\/tiempo de la fonaci\u00f3n, ritmo. Prosodia: entonaci\u00f3n, variaciones, matices, acento, musicalidad. Interpretaci\u00f3n; intencionalidad comunicativa; tipolog\u00edas textuales. Estilos de locuci\u00f3n: publicitaria, institucional, informativa, narrativa, acting, doblaje.<\/p>\n","protected":false},"excerpt":{"rendered":"<p>\u201cEscuelita de la voz\u201d brindar\u00e1 el Taller de Locuci\u00f3n: \u201cEntrenamiento de la voz\u201d en las localidades de S\u00e1enz Pe\u00f1a y Resistencia. La propuesta, dirigida a todas las personas \u2013con y sin experiencia- interesadas en conocer y practicar las t\u00e9cnicas de respiraci\u00f3n y vocalizaci\u00f3n, ofrece herramientas para desarrollar las cualidades de la voz, mejorar la comunicaci\u00f3n [&hellip;]<\/p>\n","protected":false},"author":1,"featured_media":24417,"comment_status":"closed","ping_status":"closed","sticky":false,"template":"","format":"standard","meta":{"footnotes":""},"categories":[6],"tags":[],"class_list":{"0":"post-24416","1":"post","2":"type-post","3":"status-publish","4":"format-standard","5":"has-post-thumbnail","7":"category-chaco"},"_links":{"self":[{"href":"https:\/\/chacosintesis.com.ar\/index.php\/wp-json\/wp\/v2\/posts\/24416","targetHints":{"allow":["GET"]}}],"collection":[{"href":"https:\/\/chacosintesis.com.ar\/index.php\/wp-json\/wp\/v2\/posts"}],"about":[{"href":"https:\/\/chacosintesis.com.ar\/index.php\/wp-json\/wp\/v2\/types\/post"}],"author":[{"embeddable":true,"href":"https:\/\/chacosintesis.com.ar\/index.php\/wp-json\/wp\/v2\/users\/1"}],"replies":[{"embeddable":true,"href":"https:\/\/chacosintesis.com.ar\/index.php\/wp-json\/wp\/v2\/comments?post=24416"}],"version-history":[{"count":0,"href":"https:\/\/chacosintesis.com.ar\/index.php\/wp-json\/wp\/v2\/posts\/24416\/revisions"}],"wp:featuredmedia":[{"embeddable":true,"href":"https:\/\/chacosintesis.com.ar\/index.php\/wp-json\/wp\/v2\/media\/24417"}],"wp:attachment":[{"href":"https:\/\/chacosintesis.com.ar\/index.php\/wp-json\/wp\/v2\/media?parent=24416"}],"wp:term":[{"taxonomy":"category","embeddable":true,"href":"https:\/\/chacosintesis.com.ar\/index.php\/wp-json\/wp\/v2\/categories?post=24416"},{"taxonomy":"post_tag","embeddable":true,"href":"https:\/\/chacosintesis.com.ar\/index.php\/wp-json\/wp\/v2\/tags?post=24416"}],"curies":[{"name":"wp","href":"https:\/\/api.w.org\/{rel}","templated":true}]}}