{"id":24404,"date":"2023-07-26T16:12:38","date_gmt":"2023-07-26T19:12:38","guid":{"rendered":"https:\/\/chacosintesis.com.ar\/?p=24404"},"modified":"2023-07-26T16:36:40","modified_gmt":"2023-07-26T19:36:40","slug":"continua-abierta-la-convocatoria-para-el-premio-a-la-ong-destacada","status":"publish","type":"post","link":"https:\/\/chacosintesis.com.ar\/index.php\/continua-abierta-la-convocatoria-para-el-premio-a-la-ong-destacada\/","title":{"rendered":"Contin\u00faa abierta la convocatoria para el premio a la ONG destacada"},"content":{"rendered":"<p>Habr\u00e1 est\u00edmulos econ\u00f3micos para 10 de ellas, poniendo en valor sus labores comunitarias y solidarias, en el marco de la celebraci\u00f3n del 31 de agosto D\u00eda Provincial de las Oeneg\u00e9s.<br \/>\nEl Ministerio de Desarrollo Social informa que, hasta el jueves 3 de agosto del 2023 inclusive, contin\u00faa abierta la convocatoria a participar del Premio Provincial a la ONG Destacada por su Labor Comunitaria y Solidaria A\u00f1o 2023, a trav\u00e9s de la cual se otorgar\u00e1n est\u00edmulos econ\u00f3micos a las organizaciones seleccionadas. El primer premio para la organizaci\u00f3n elegida ser\u00e1 de 350 mil pesos. La iniciativa a cargo de la Subsecretar\u00eda de Participaci\u00f3n Ciudadana de la cartera social, se realiza desde 2003 cada 31 de agosto, que es el D\u00eda Provincial de las Oeneg\u00e9s. El objetivo es otorgar reconocimiento, impulsando las labores de las organizaciones del tercer sector. Podr\u00e1n participar ONG\u00b4s de todas las localidades que desarrollen su actividad solamente en el \u00e1mbito provincial, ya sean asociaciones civiles, comunitarias, fundaciones, cooperativas o similares. Las postulaciones a ser evaluadas por una comisi\u00f3n convocada a tal fin, se recibir\u00e1n v\u00eda formulario online hasta el fin del d\u00eda jueves 3 de agosto, podr\u00e1n efectuarse consultas a trav\u00e9s del tel\u00e9fono, correo electr\u00f3nico o personalmente.<\/p>\n<p>PREMIOS 2023<br \/>\nEl primer premio ser\u00e1 de $350.000, el segundo de $250.000, el tercero de $220.000, el cuarto y quinto premios de $200.000 cada uno, el sexto y el s\u00e9ptimo lugar ser\u00e1n premiados con $170.000 cada uno, el octavo de $150.000, y el noveno y d\u00e9cimo contar\u00e1n con premios de $125.000. El objetivo de fortalecer a la organizaci\u00f3n destacada por su labor comunitaria y solidaria en el territorio chaque\u00f1o.<br \/>\n CONSULTAS Y PRESENTACI\u00d3N DE PROPUESTAS<br \/>\nEntre los requisitos las y los interesados en participar deber\u00e1n cumplimentar el formulario web ingresando a <a href=\"https:\/\/forms.gle\/yS2FmpjNybZsV57R9\">forms.gle\/yS2FmpjNybZsV57R9<\/a>, tendr\u00e1n que contar con reconocimiento provincial o municipal y acreditar la actividad que desarrollan, m\u00e1s el \u00e1mbito de actuaci\u00f3n, trayectoria con antig\u00fcedad no menor a un a\u00f1o con antecedentes actualizados, adem\u00e1s de personer\u00eda jur\u00eddica seg\u00fan corresponda. Las organizaciones interesadas en concursar deber\u00e1n detallar la actividad desarrollada, antecedentes y documentos de importancia que consideren sobre la trayectoria de la organizaci\u00f3n, adem\u00e1s de acreditar el \u00e1mbito de actuaci\u00f3n en la provincia, sumando datos precisos para el posterior contacto con los y las referentes de cada ONG. Posteriormente una comisi\u00f3n evaluadora analizar\u00e1 las propuestas y elegir\u00e1 a las organizaciones ganadoras, dando a conocerlas el 31 de agosto de 2023 que se celebra el D\u00eda Provincial de la ONG, como establece la Ley Provincial 1.257-E. Ceremonia de premiaci\u00f3n y entrega de reconocimientos, en lugar y horario a confirmar. Para mayor informaci\u00f3n, est\u00e1n habilitados los correos electr\u00f3nicos: <a href=\"mailto:sub.participacion@chaco.gob.ar\">sub.participacion@chaco.gob.ar<\/a> y <a href=\"mailto:participaci\u00f3nciudadana.ds@gmail.com\">participaci\u00f3nciudadana.ds@gmail.com<\/a> , all\u00ed podr\u00e1n realizar consultas, recibir asesoramiento y presentar las propuestas, o bien comunicarse al n\u00famero de tel\u00e9fono de la subsecretar\u00eda 3625-270273, y podr\u00e1n dirigirse personalmente a las oficinas de la subsecretar\u00eda en Santa Mar\u00eda de Oro 229 \u2013 Planta Alta, de Resistencia.<\/p>\n","protected":false},"excerpt":{"rendered":"<p>Habr\u00e1 est\u00edmulos econ\u00f3micos para 10 de ellas, poniendo en valor sus labores comunitarias y solidarias, en el marco de la celebraci\u00f3n del 31 de agosto D\u00eda Provincial de las Oeneg\u00e9s. El Ministerio de Desarrollo Social informa que, hasta el jueves 3 de agosto del 2023 inclusive, contin\u00faa abierta la convocatoria a participar del Premio Provincial [&hellip;]<\/p>\n","protected":false},"author":1,"featured_media":24405,"comment_status":"closed","ping_status":"closed","sticky":false,"template":"","format":"standard","meta":{"footnotes":""},"categories":[6],"tags":[],"class_list":{"0":"post-24404","1":"post","2":"type-post","3":"status-publish","4":"format-standard","5":"has-post-thumbnail","7":"category-chaco"},"_links":{"self":[{"href":"https:\/\/chacosintesis.com.ar\/index.php\/wp-json\/wp\/v2\/posts\/24404","targetHints":{"allow":["GET"]}}],"collection":[{"href":"https:\/\/chacosintesis.com.ar\/index.php\/wp-json\/wp\/v2\/posts"}],"about":[{"href":"https:\/\/chacosintesis.com.ar\/index.php\/wp-json\/wp\/v2\/types\/post"}],"author":[{"embeddable":true,"href":"https:\/\/chacosintesis.com.ar\/index.php\/wp-json\/wp\/v2\/users\/1"}],"replies":[{"embeddable":true,"href":"https:\/\/chacosintesis.com.ar\/index.php\/wp-json\/wp\/v2\/comments?post=24404"}],"version-history":[{"count":0,"href":"https:\/\/chacosintesis.com.ar\/index.php\/wp-json\/wp\/v2\/posts\/24404\/revisions"}],"wp:featuredmedia":[{"embeddable":true,"href":"https:\/\/chacosintesis.com.ar\/index.php\/wp-json\/wp\/v2\/media\/24405"}],"wp:attachment":[{"href":"https:\/\/chacosintesis.com.ar\/index.php\/wp-json\/wp\/v2\/media?parent=24404"}],"wp:term":[{"taxonomy":"category","embeddable":true,"href":"https:\/\/chacosintesis.com.ar\/index.php\/wp-json\/wp\/v2\/categories?post=24404"},{"taxonomy":"post_tag","embeddable":true,"href":"https:\/\/chacosintesis.com.ar\/index.php\/wp-json\/wp\/v2\/tags?post=24404"}],"curies":[{"name":"wp","href":"https:\/\/api.w.org\/{rel}","templated":true}]}}