{"id":24402,"date":"2023-07-26T16:11:25","date_gmt":"2023-07-26T19:11:25","guid":{"rendered":"https:\/\/chacosintesis.com.ar\/?p=24402"},"modified":"2023-07-26T16:36:39","modified_gmt":"2023-07-26T19:36:39","slug":"el-chaqueno-palavecino-el-mago-y-la-nueva-y-los-totoras-en-la-fiesta-del-algodon","status":"publish","type":"post","link":"https:\/\/chacosintesis.com.ar\/index.php\/el-chaqueno-palavecino-el-mago-y-la-nueva-y-los-totoras-en-la-fiesta-del-algodon\/","title":{"rendered":"El Chaque\u00f1o Palavecino, El mago y la Nueva y Los Totoras en la Fiesta del Algod\u00f3n"},"content":{"rendered":"<p>El  4, 5 y 6 de agosto se llevar\u00e1 a cabo la trig\u00e9sima edici\u00f3n de la Fiesta del Algod\u00f3n en S\u00e1enz Pe\u00f1a, con un marco clave que se complementar\u00e1 con la celebraci\u00f3n del Centenario del INTA S\u00e1enz Pe\u00f1a.<br \/>\nLuego de la exitosa edici\u00f3n del 2022, la exposici\u00f3n vuelve a abrir sus puertas con el compromiso \u2013renovado- de seguir brindando un espacio para presentar los desaf\u00edos que plantean la trazabilidad, tecnolog\u00eda e investigaci\u00f3n a trav\u00e9s de instituciones, Estado y empresas privadas, potenciado por el financiamiento para fortalecer la cadena.<br \/>\nCon una grilla variada de espect\u00e1culos la m\u00fasica estar\u00e1 presente en el escenario de la exposici\u00f3n, comenzando cada jornada con la presentaci\u00f3n de Las Bastoneras, desde las 19.00<br \/>\nEl d\u00eda viernes 4, tambi\u00e9n actuar\u00e1n Viento Norte, Guaynas Por\u00e1, La Huella, The chinchudos, Mauri Flow, y cerrar\u00e1 El mago y la nueva.<br \/>\nEl s\u00e1bado 5, ser\u00e1 una jornada especial con la Elecci\u00f3n de la Representante de la Fiesta del Algod\u00f3n. Actuar\u00e1n Ballet Los Buhos Sylvina Brizuela, Alon, Gisella y el cierre ser\u00e1 con El Chaque\u00f1o Palavecino<br \/>\nEl domingo estar\u00e1n Los Continuados, Coqui Ortiz, Tup\u00e1, Luli Maidana, Ipsilon, Lonelycloud, Filipponi &amp; Gin y cerrar\u00e1n Los Totoras<\/p>\n","protected":false},"excerpt":{"rendered":"<p>El 4, 5 y 6 de agosto se llevar\u00e1 a cabo la trig\u00e9sima edici\u00f3n de la Fiesta del Algod\u00f3n en S\u00e1enz Pe\u00f1a, con un marco clave que se complementar\u00e1 con la celebraci\u00f3n del Centenario del INTA S\u00e1enz Pe\u00f1a. Luego de la exitosa edici\u00f3n del 2022, la exposici\u00f3n vuelve a abrir sus puertas con el compromiso [&hellip;]<\/p>\n","protected":false},"author":1,"featured_media":24403,"comment_status":"closed","ping_status":"closed","sticky":false,"template":"","format":"standard","meta":{"footnotes":""},"categories":[6],"tags":[],"class_list":{"0":"post-24402","1":"post","2":"type-post","3":"status-publish","4":"format-standard","5":"has-post-thumbnail","7":"category-chaco"},"_links":{"self":[{"href":"https:\/\/chacosintesis.com.ar\/index.php\/wp-json\/wp\/v2\/posts\/24402","targetHints":{"allow":["GET"]}}],"collection":[{"href":"https:\/\/chacosintesis.com.ar\/index.php\/wp-json\/wp\/v2\/posts"}],"about":[{"href":"https:\/\/chacosintesis.com.ar\/index.php\/wp-json\/wp\/v2\/types\/post"}],"author":[{"embeddable":true,"href":"https:\/\/chacosintesis.com.ar\/index.php\/wp-json\/wp\/v2\/users\/1"}],"replies":[{"embeddable":true,"href":"https:\/\/chacosintesis.com.ar\/index.php\/wp-json\/wp\/v2\/comments?post=24402"}],"version-history":[{"count":0,"href":"https:\/\/chacosintesis.com.ar\/index.php\/wp-json\/wp\/v2\/posts\/24402\/revisions"}],"wp:featuredmedia":[{"embeddable":true,"href":"https:\/\/chacosintesis.com.ar\/index.php\/wp-json\/wp\/v2\/media\/24403"}],"wp:attachment":[{"href":"https:\/\/chacosintesis.com.ar\/index.php\/wp-json\/wp\/v2\/media?parent=24402"}],"wp:term":[{"taxonomy":"category","embeddable":true,"href":"https:\/\/chacosintesis.com.ar\/index.php\/wp-json\/wp\/v2\/categories?post=24402"},{"taxonomy":"post_tag","embeddable":true,"href":"https:\/\/chacosintesis.com.ar\/index.php\/wp-json\/wp\/v2\/tags?post=24402"}],"curies":[{"name":"wp","href":"https:\/\/api.w.org\/{rel}","templated":true}]}}