{"id":24398,"date":"2023-07-26T16:06:55","date_gmt":"2023-07-26T19:06:55","guid":{"rendered":"https:\/\/chacosintesis.com.ar\/?p=24398"},"modified":"2023-07-26T16:36:37","modified_gmt":"2023-07-26T19:36:37","slug":"chapo-hoy-inicia-un-proceso-de-intervencion-directa-entre-la-policia-provincial-fuerzas-federales-y-agentes-de-seguridad-privada","status":"publish","type":"post","link":"https:\/\/chacosintesis.com.ar\/index.php\/chapo-hoy-inicia-un-proceso-de-intervencion-directa-entre-la-policia-provincial-fuerzas-federales-y-agentes-de-seguridad-privada\/","title":{"rendered":"Chapo: \u201cHoy inicia un proceso de intervenci\u00f3n directa entre la Polic\u00eda provincial, fuerzas federales y agentes de seguridad privada\u201d"},"content":{"rendered":"<p>El portavoz oficial se refiri\u00f3 al nuevo esquema de intervenci\u00f3n territorial implementado por el Gobierno provincial con el Plan de seguridad \u201cEscuchar para hacer\u201d, que  incluye una serie de medidas estrat\u00e9gicas para mejorar la prevenci\u00f3n y el combate del delito.<br \/>\nJuan Manuel Chapo, portavoz del Gobierno provincial, ofreci\u00f3 una nueva conferencia de prensa este mi\u00e9rcoles, en la que dio detalles acerca de la implementaci\u00f3n del Plan de Seguridad \u201cEscuchar para hacer\u201d, lanzado por el gobernador d\u00edas atr\u00e1s.<br \/>\n\u201cHoy inicia un proceso de intervenci\u00f3n directa entre la polic\u00eda provincial, las fuerzas federales y agentes de seguridad privada, lo que va a permitir trabajar en forma conjunta en un esquema de intervenci\u00f3n territorial fundamentalmente en las ciudades de Resistencia y S\u00e1enz Pe\u00f1a\u201d, inform\u00f3.<br \/>\nEl plan fue elaborado con la participaci\u00f3n de vecinos y vecinas en las m\u00faltiples reuniones que el gobernador mantuvo en las \u00faltimas semanas en distintas localidades. La iniciativa incluye una serie de medidas estrat\u00e9gicas para mejorar la prevenci\u00f3n y el combate del delito: M\u00e1s presencia policial y control territorial, inversi\u00f3n en tecnolog\u00eda, denuncias digitales, paradas seguras y construcci\u00f3n de 700 celdas en el Servicio Penitenciario. A esto se suma el impulso de proyectos de ley para mejorar la eficiencia del proceso penal.<br \/>\nChapo destac\u00f3 que en los operativos de intervenci\u00f3n directa participar\u00e1n cerca de 1.400 agentes pertenecientes a Gendarmer\u00eda nacional, Prefectura, Polic\u00eda aeroportuaria y Polic\u00eda federal, que se sumar\u00e1n a los 7.700 agentes de la Polic\u00eda del Chaco e incluyendo a casi 1.300 agentes de seguridad privada.<br \/>\n\u201cEsto con el objetivo de prevenir el delito a partir de lo que el mismo vecino, lo que la ciudadan\u00eda ha expresado con preocupaci\u00f3n. En funci\u00f3n de eso, esta decisi\u00f3n del gobierno provincial que se va a plasmar con esta tarea conjunta, tambi\u00e9n con la posibilidad de que tanto a choferes de colectivos como a taxis y remises se le pueda entregar un bot\u00f3n de p\u00e1nico para poder informar en tiempo real lo que est\u00e9 sucediendo o alg\u00fan hecho que tenga que ver con la comisi\u00f3n de delitos\u201d, ampli\u00f3.<br \/>\nChapo remarc\u00f3 que las medidas implementadas en materia de seguridad \u201ctienen que ver con la necesidad de generar un mecanismo de mayor cercan\u00eda tambi\u00e9n de nuestras fuerzas de seguridad y nuestra fuerza policial con la ciudadan\u00eda\u201d. Puntualmente, se har\u00e1 foco en m\u00e1s de 1.450 paradas de transporte p\u00fablico.<\/p>\n<p>Visita de H\u00e9ctor Daer<\/p>\n<p>Tras ser consultado por medios de comunicaci\u00f3n, Chapo destac\u00f3 adem\u00e1s la visita, ocurrida ayer, del secretario general de la Confederaci\u00f3n General del Trabajo (CGT) y de la Asociaci\u00f3n de Trabajadores de la Sanidad Argentina (ATSA), H\u00e9ctor Daer. \u201cSu llegada tiene que ver con tambi\u00e9n esta nueva din\u00e1mica que ha podido imprimir la conducci\u00f3n de la CGT local y que nosotros celebramos, porque el fortalecimiento de los gremios y de los sindicatos en la provincia del Chaco tambi\u00e9n habla del fortalecimiento de los derechos de los trabajadores y trabajadoras chaque\u00f1os\u201d.<\/p>\n<p>Agenda del gobernador<\/p>\n<p>Paralelamente, el vocero hizo un repaso por las principales actividades de agenda del gobernador Capitanich, que incluye este mi\u00e9rcoles la entrega de soluciones habitacionales junto al IAFEP, y una intensa agenda en la regi\u00f3n de El Impenetrable, iniciando en Miraflores con la habilitaci\u00f3n de m\u00faltiples obras: el frigor\u00edfico municipal, electrificaci\u00f3n rural, 32 viviendas y la refacci\u00f3n integral del Instituto Favaloro.<br \/>\nUno de los hechos m\u00e1s trascendentes de la jornada ser\u00e1 adem\u00e1s la inauguraci\u00f3n de la conexi\u00f3n de fibra \u00f3ptica para varias localidades de El Impenetrable, que se realizar\u00e1 de forma simult\u00e1nea desde las localidades de Miraflores, Las Hacheras, El Sauzalito y Fuerte Esperanza.<br \/>\nEl programa, denominado Chaco 100% conectado, contempla el desarrollo integral de las telecomunicaciones en peque\u00f1as localidades de la regi\u00f3n, incluyendo las zonas m\u00e1s desfavorables y de escasa o pr\u00e1cticamente nula estructura de comunicaci\u00f3n.<br \/>\nDurante la tarde y ya en Resistencia, el gobernador participar\u00e1 de una reuni\u00f3n con choferes de taxis y remises, donde anunciar\u00e1 un programa de adquisici\u00f3n de nuevas unidades cero kil\u00f3metro para los trabajadores del sector.<br \/>\nEn cuanto a la agenda del jueves, el mandatario estar\u00e1 en la localidad de Colonias Unidas inaugurando la refacci\u00f3n y la ampliaci\u00f3n del edificio municipal, un sal\u00f3n de usos m\u00faltiples y luego, en Capit\u00e1n Solari, el portal de acceso al Parque Nacional Chaco.<br \/>\n\u201cTambi\u00e9n se va a estar haciendo entrega de elementos, herramientas de trabajo a trav\u00e9s de la Fundaci\u00f3n Chaco Solidario, esto ya aqu\u00ed en la ciudad de Resistencia y por la tarde va a participar de la feria tecnol\u00f3gica Expo Virtuality. Paralelamente, tendr\u00e1 reuniones con comerciantes del \u00e1rea metropolitana de la Gran Resistencia\u201d, finaliz\u00f3 Chapo.<\/p>\n","protected":false},"excerpt":{"rendered":"<p>El portavoz oficial se refiri\u00f3 al nuevo esquema de intervenci\u00f3n territorial implementado por el Gobierno provincial con el Plan de seguridad \u201cEscuchar para hacer\u201d, que incluye una serie de medidas estrat\u00e9gicas para mejorar la prevenci\u00f3n y el combate del delito. Juan Manuel Chapo, portavoz del Gobierno provincial, ofreci\u00f3 una nueva conferencia de prensa este mi\u00e9rcoles, [&hellip;]<\/p>\n","protected":false},"author":1,"featured_media":24399,"comment_status":"closed","ping_status":"closed","sticky":false,"template":"","format":"standard","meta":{"footnotes":""},"categories":[6],"tags":[],"class_list":{"0":"post-24398","1":"post","2":"type-post","3":"status-publish","4":"format-standard","5":"has-post-thumbnail","7":"category-chaco"},"_links":{"self":[{"href":"https:\/\/chacosintesis.com.ar\/index.php\/wp-json\/wp\/v2\/posts\/24398","targetHints":{"allow":["GET"]}}],"collection":[{"href":"https:\/\/chacosintesis.com.ar\/index.php\/wp-json\/wp\/v2\/posts"}],"about":[{"href":"https:\/\/chacosintesis.com.ar\/index.php\/wp-json\/wp\/v2\/types\/post"}],"author":[{"embeddable":true,"href":"https:\/\/chacosintesis.com.ar\/index.php\/wp-json\/wp\/v2\/users\/1"}],"replies":[{"embeddable":true,"href":"https:\/\/chacosintesis.com.ar\/index.php\/wp-json\/wp\/v2\/comments?post=24398"}],"version-history":[{"count":0,"href":"https:\/\/chacosintesis.com.ar\/index.php\/wp-json\/wp\/v2\/posts\/24398\/revisions"}],"wp:featuredmedia":[{"embeddable":true,"href":"https:\/\/chacosintesis.com.ar\/index.php\/wp-json\/wp\/v2\/media\/24399"}],"wp:attachment":[{"href":"https:\/\/chacosintesis.com.ar\/index.php\/wp-json\/wp\/v2\/media?parent=24398"}],"wp:term":[{"taxonomy":"category","embeddable":true,"href":"https:\/\/chacosintesis.com.ar\/index.php\/wp-json\/wp\/v2\/categories?post=24398"},{"taxonomy":"post_tag","embeddable":true,"href":"https:\/\/chacosintesis.com.ar\/index.php\/wp-json\/wp\/v2\/tags?post=24398"}],"curies":[{"name":"wp","href":"https:\/\/api.w.org\/{rel}","templated":true}]}}