{"id":24394,"date":"2023-07-26T10:02:52","date_gmt":"2023-07-26T13:02:52","guid":{"rendered":"https:\/\/chacosintesis.com.ar\/?p=24394"},"modified":"2023-07-26T10:07:46","modified_gmt":"2023-07-26T13:07:46","slug":"capitanich-definio-politicas-para-generar-mas-empleo-en-el-sector-textil","status":"publish","type":"post","link":"https:\/\/chacosintesis.com.ar\/index.php\/capitanich-definio-politicas-para-generar-mas-empleo-en-el-sector-textil\/","title":{"rendered":"Capitanich defini\u00f3 pol\u00edticas para generar m\u00e1s empleo en el sector textil"},"content":{"rendered":"<p>En las instalaciones del dep\u00f3sito de la marca chaque\u00f1a, el gobernador y dise\u00f1adores de la provincia, dialogaron y confeccionaron una agenda de pol\u00edticas prioritarias en materia de infraestructura, financiamiento y capacitaci\u00f3n para seguir fortaleciendo el sector.<\/p>\n<p>El gobernador Jorge Capitanich se reuni\u00f3 este martes con referentes de una red de talleres y dise\u00f1adores textiles de distintos puntos de la provincia vinculados al programa Chac\u00fa, con el objetivo de plantear futuras l\u00edneas de acci\u00f3n a desarrollar para potenciar el sector.<\/p>\n<p>Tras recorrer las instalaciones del dep\u00f3sito de Chac\u00fa, ubicado en las calles Fray Rossi y La Pampa de la capital chaque\u00f1a, el gobernador asegur\u00f3 que \u201cqueremos hacer de Chac\u00fa un centro de la moda y hace 14 a\u00f1os que llevamos adelante una pol\u00edtica p\u00fablica que mejora d\u00eda tras d\u00eda. Nuestro concepto es sembrar algod\u00f3n y cosechar moda\u201d, dijo Capitanich, quien estuvo acompa\u00f1ado por el ministro de Producci\u00f3n, Industria y Empleo, Sebasti\u00e1n Lifton.<\/p>\n<p> Durante el encuentro, las y los emprendedores solicitaron financiamiento para adquirir maquinaria, m\u00e1s capacitaci\u00f3n para mejorar la productividad y rendimiento y mejoras en la infraestructura, \u201clo cual es perfectamente factible\u201d, remarc\u00f3 Capitanich y adelant\u00f3 que el Gobierno proyecta impulsar un fondo de Desarrollo Industrial \u201ca\u00fan m\u00e1s fuerte, para favorecer a las peque\u00f1as y microempresas\u201d.<\/p>\n<p> El mandatario remarc\u00f3 que el desarrollo de talleres en la provincia permite garantizar ingresos dignos para muchas familias ya que la producci\u00f3n de algod\u00f3n se va afianzando, alcanzando cerca de 150 mil hect\u00e1reas.<\/p>\n<p> \u201cSomos l\u00edderes en telas de jeans, en denim, y tendremos un acrecentamiento de inversiones en materia de tejido plano, punto a punto, con el objetivo de lograr definitivamente el gran sue\u00f1o chaque\u00f1o que es producir con nuestro algod\u00f3n todas las prendas de vestir que abastezcan no solamente el mercado nacional sino el internacional\u201d, resumi\u00f3 el mandatario.<\/p>\n<p>La provincia cuenta con 100 talleres textiles, de los cuales 89 recibieron financiamiento para mejorar su producci\u00f3n por un monto de 50 millones de pesos. El objetivo es continuar ampliando la cantidad de talleres, que actualmente cuentan con cerca de 1.300 trabajadores y trabajadoras, impulsando un programa de capacitaci\u00f3n de 3.000 m\u00e1s. Hacia 2024 se proyecta alcanzar 5.000 trabajadores capacitados y 10.000 en toda la cadena textil.<\/p>\n<p>Chaco, l\u00edder en la producci\u00f3n de algod\u00f3n y denim<\/p>\n<p> El ministro Lifton explic\u00f3 que la provincia es \u201cuna de las l\u00edderes en la producci\u00f3n de tela denim, adem\u00e1s de ser l\u00edderes en producci\u00f3n de algod\u00f3n por todo el parque desmotador que tiene el Chaco\u201d y remarc\u00f3 que la cadena textil \u201ces uno de los sectores estrat\u00e9gicos de la provincia, por eso siempre hablamos de sembrar algod\u00f3n y cosechar moda\u201d. Con estos productos, explic\u00f3 Lifton, \u201cse incorpora valor agregado a las prendas y consumimos productos 100% chaque\u00f1os, con una cadena 100% integrada en la provincia, generando productos de calidad, y empleos de base industrial\u201d, asegur\u00f3. El ministro remarc\u00f3 que la industria textil \u201cdesarroll\u00f3 la generaci\u00f3n de talleres en todo el territorio y nos permite continuar con 28 meses consecutivos de crecimiento de empleo privado formal\u201d.<\/p>\n<p>Sobre Chac\u00fa<\/p>\n<p>El programa Chac\u00fa funciona desde hace m\u00e1s de 14 a\u00f1os en la provincia y se inici\u00f3 en la primera gesti\u00f3n del gobernador Capitanich con el objetivo de desarrollar la cadena algodonera en la provincia y trabajar en su integraci\u00f3n. Por lo cual se comenz\u00f3 con el proyecto de confecci\u00f3n de indumentaria a partir de la industrializaci\u00f3n del algod\u00f3n en bruto y contar con las telas para elaborar los productos locales.<\/p>\n<p>Con los a\u00f1os, el programa Chac\u00fa fue transform\u00e1ndose y mejorando y hoy gira en torno a tres ejes: el de dise\u00f1o, que busca fomentar marcas propias, c\u00e1psulas; el de emprendedores textiles (cuando no son dise\u00f1adores) que es la posibilidad de la creaci\u00f3n de una colecci\u00f3n colectiva y que forman parte de una colecci\u00f3n de b\u00e1sicos que la marca desarrolla y por \u00faltimo, la l\u00ednea de jean.<\/p>\n<p> Respecto a la producci\u00f3n de denim, que hace cuatro a\u00f1os se desarrolla en la provincia, la marca Chac\u00fa cuenta con 1228 personas, 64 emprendimientos de dise\u00f1o que trabajan las l\u00edneas \u201cChac\u00fa Autor\u201d y \u201cChac\u00fa Colectivo\u201d y que generan m\u00e1s de 300 puestos de trabajo directos e indirectos.<\/p>\n<p> Participaron la subsecretaria de Industria, Mar\u00eda Laura Binaghi; el presidente del Nuevo Banco del Chaco (NBCH), Federico Mu\u00f1oz Femen\u00edas; la directora de Medios P\u00fablicos de Ecom Chaco, Guillermina Capitanich; la coordinadora de Chac\u00fa, Maite Garc\u00eda y el equipo t\u00e9cnico de Chac\u00fa.<\/p>\n","protected":false},"excerpt":{"rendered":"<p>En las instalaciones del dep\u00f3sito de la marca chaque\u00f1a, el gobernador y dise\u00f1adores de la provincia, dialogaron y confeccionaron una agenda de pol\u00edticas prioritarias en materia de infraestructura, financiamiento y capacitaci\u00f3n para seguir fortaleciendo el sector. El gobernador Jorge Capitanich se reuni\u00f3 este martes con referentes de una red de talleres y dise\u00f1adores textiles de [&hellip;]<\/p>\n","protected":false},"author":1,"featured_media":24395,"comment_status":"closed","ping_status":"closed","sticky":false,"template":"","format":"standard","meta":{"footnotes":""},"categories":[6],"tags":[],"class_list":{"0":"post-24394","1":"post","2":"type-post","3":"status-publish","4":"format-standard","5":"has-post-thumbnail","7":"category-chaco"},"_links":{"self":[{"href":"https:\/\/chacosintesis.com.ar\/index.php\/wp-json\/wp\/v2\/posts\/24394","targetHints":{"allow":["GET"]}}],"collection":[{"href":"https:\/\/chacosintesis.com.ar\/index.php\/wp-json\/wp\/v2\/posts"}],"about":[{"href":"https:\/\/chacosintesis.com.ar\/index.php\/wp-json\/wp\/v2\/types\/post"}],"author":[{"embeddable":true,"href":"https:\/\/chacosintesis.com.ar\/index.php\/wp-json\/wp\/v2\/users\/1"}],"replies":[{"embeddable":true,"href":"https:\/\/chacosintesis.com.ar\/index.php\/wp-json\/wp\/v2\/comments?post=24394"}],"version-history":[{"count":0,"href":"https:\/\/chacosintesis.com.ar\/index.php\/wp-json\/wp\/v2\/posts\/24394\/revisions"}],"wp:featuredmedia":[{"embeddable":true,"href":"https:\/\/chacosintesis.com.ar\/index.php\/wp-json\/wp\/v2\/media\/24395"}],"wp:attachment":[{"href":"https:\/\/chacosintesis.com.ar\/index.php\/wp-json\/wp\/v2\/media?parent=24394"}],"wp:term":[{"taxonomy":"category","embeddable":true,"href":"https:\/\/chacosintesis.com.ar\/index.php\/wp-json\/wp\/v2\/categories?post=24394"},{"taxonomy":"post_tag","embeddable":true,"href":"https:\/\/chacosintesis.com.ar\/index.php\/wp-json\/wp\/v2\/tags?post=24394"}],"curies":[{"name":"wp","href":"https:\/\/api.w.org\/{rel}","templated":true}]}}