{"id":24390,"date":"2023-07-26T09:48:50","date_gmt":"2023-07-26T12:48:50","guid":{"rendered":"https:\/\/chacosintesis.com.ar\/?p=24390"},"modified":"2023-07-26T10:07:45","modified_gmt":"2023-07-26T13:07:45","slug":"bullrich-en-chaco-con-nosotros-se-termina-los-sena-de-la-vida-y-la-impunidad","status":"publish","type":"post","link":"https:\/\/chacosintesis.com.ar\/index.php\/bullrich-en-chaco-con-nosotros-se-termina-los-sena-de-la-vida-y-la-impunidad\/","title":{"rendered":"Bullrich en Chaco: Con Nosotros, se termina los &#8220;Sena&#8221; de la vida y la impunidad"},"content":{"rendered":"<p>Leandro Zdero y Silvana Schneider, la f\u00f3rmula para la gobernaci\u00f3n, junto a Patricia Bullrich, precandidata a presidente de la Naci\u00f3n de Juntos por el Cambio, presentaron anoche la lista de candidatos a diputados nacionales y al Parlasur, de cara a las PASO previstas para el pr\u00f3ximo 13 de agosto. \u201cQuiero pedirles a todos el coraje de dar vuelta la p\u00e1gina y que se sienta ese grito de esperanza en todo el Chaco. A la campa\u00f1a del miedo nosotros no le tenemos miedo y lo vamos a vencer con coraje, propuestas y decisiones. No le tenemos miedo al aparato ni al dinero, porque esa plata que hoy se est\u00e1n patinando de los chaque\u00f1os, es la faltante, como ocurri\u00f3 en Tres Isletas donde a una ni\u00f1a la terminaron enyesando con una botellita de pl\u00e1stico\u201d- indic\u00f3 Zdero.<br \/>\nBullrich lleg\u00f3 por la tarde al Chaco, ofreci\u00f3 una conferencia de prensa y posteriormente comparti\u00f3 una cena, a la que acompa\u00f1\u00f3 Gustavo Vald\u00e9s, Gobernador de Corrientes, en la presentaci\u00f3n de los candidatos a diputados nacionales: Gerardo Cipolini, Carolina Meiri\u00f1o, Carlos Favar\u00f3n y de los candidatos al Parlasur Delfina Veirav\u00e9 y Adri\u00e1n Veleff, en la Pe\u00f1a Nativa Mart\u00edn Fierro.<br \/>\nQUEREMOS CHAQUE\u00d1OS LIBRES Y A LOS DELINCUENTES TRAS LAS REJAS<br \/>\nZdero adem\u00e1s expres\u00f3: \u201cA meses de irse, desde el gobierno ahora anunciaron un plan de seguridad que es la inseguridad misma, porque est\u00e1 lleno de improvisaci\u00f3n y no se respalda a nuestras fuerzas. Van a encontrar en m\u00ed, un gobernador de palabra que todo lo que dice, lo cumple. Hace poco, vot\u00e9 la ley para prohibir los celulares en las c\u00e1rceles y Capitanich, sin embargo, lo vet\u00f3. Si tenemos la oportunidad y el pueblo del Chaco me acompa\u00f1a, vamos a enviar a la Legislatura ese proyecto para suspender los celulares en las c\u00e1rceles porque queremos chaque\u00f1os libres y a los delincuentes tras las rejas. La fuerza del cambio, se va a seguir consolidando en toda la provincia y vale la pena, porque podemos mostrar a nuestros candidatos de cara a la gente, luchando por una provincia digna y de oportunidades\u201d.<br \/>\nNO DEJEMOS PASAR LA OPORTUNIDAD DEL CAMBIO<br \/>\nPor \u00faltimo, durante su discurso, en Patricia Bullrich remarc\u00f3: \u201cEs una responsabilidad enorme la que tenemos, porque se contraponen dos modelos: uno, el de la impunidad, el pa\u00eds \u201cSena\u201d y el otro, es el que representa en el Chaco, Zdero, un Chaco con valores, posibilidades y de cambio. No dejemos pasar la oportunidad del cambio, aunque este cambio est\u00e9 amenazado, porque todos los d\u00edas nos dicen que si llegamos al gobierno nos van a incendiar el pa\u00eds o nos vamos a ir en helic\u00f3ptero, eso es ir en contra el pueblo argentino y contra la democracia, con el \u00fanico objetivo del sometimiento. Si lo permitimos no vamos a ser m\u00e1s que una sombra, tenemos que luchar; contra todos aquellos que quieran mantener las mafias, a las corporaciones, le decimos NO, con nosotros se terminan los Sena de la vida, porque ah\u00ed no nos van a encontrar. Con miedo no nos van a correr; con cada piedra que nos tiren, la vamos a convertir en piedras de casas, de avenidas, rutas y caminos del porvenir y no de destrucci\u00f3n. Necesitamos un pueblo coraje para salir adelante y lo vamos a lograr\u201d.<\/p>\n","protected":false},"excerpt":{"rendered":"<p>Leandro Zdero y Silvana Schneider, la f\u00f3rmula para la gobernaci\u00f3n, junto a Patricia Bullrich, precandidata a presidente de la Naci\u00f3n de Juntos por el Cambio, presentaron anoche la lista de candidatos a diputados nacionales y al Parlasur, de cara a las PASO previstas para el pr\u00f3ximo 13 de agosto. \u201cQuiero pedirles a todos el coraje [&hellip;]<\/p>\n","protected":false},"author":1,"featured_media":24391,"comment_status":"closed","ping_status":"closed","sticky":false,"template":"","format":"standard","meta":{"footnotes":""},"categories":[6],"tags":[],"class_list":{"0":"post-24390","1":"post","2":"type-post","3":"status-publish","4":"format-standard","5":"has-post-thumbnail","7":"category-chaco"},"_links":{"self":[{"href":"https:\/\/chacosintesis.com.ar\/index.php\/wp-json\/wp\/v2\/posts\/24390","targetHints":{"allow":["GET"]}}],"collection":[{"href":"https:\/\/chacosintesis.com.ar\/index.php\/wp-json\/wp\/v2\/posts"}],"about":[{"href":"https:\/\/chacosintesis.com.ar\/index.php\/wp-json\/wp\/v2\/types\/post"}],"author":[{"embeddable":true,"href":"https:\/\/chacosintesis.com.ar\/index.php\/wp-json\/wp\/v2\/users\/1"}],"replies":[{"embeddable":true,"href":"https:\/\/chacosintesis.com.ar\/index.php\/wp-json\/wp\/v2\/comments?post=24390"}],"version-history":[{"count":0,"href":"https:\/\/chacosintesis.com.ar\/index.php\/wp-json\/wp\/v2\/posts\/24390\/revisions"}],"wp:featuredmedia":[{"embeddable":true,"href":"https:\/\/chacosintesis.com.ar\/index.php\/wp-json\/wp\/v2\/media\/24391"}],"wp:attachment":[{"href":"https:\/\/chacosintesis.com.ar\/index.php\/wp-json\/wp\/v2\/media?parent=24390"}],"wp:term":[{"taxonomy":"category","embeddable":true,"href":"https:\/\/chacosintesis.com.ar\/index.php\/wp-json\/wp\/v2\/categories?post=24390"},{"taxonomy":"post_tag","embeddable":true,"href":"https:\/\/chacosintesis.com.ar\/index.php\/wp-json\/wp\/v2\/tags?post=24390"}],"curies":[{"name":"wp","href":"https:\/\/api.w.org\/{rel}","templated":true}]}}