{"id":24376,"date":"2023-07-25T21:36:54","date_gmt":"2023-07-26T00:36:54","guid":{"rendered":"https:\/\/chacosintesis.com.ar\/?p=24376"},"modified":"2023-07-25T22:07:30","modified_gmt":"2023-07-26T01:07:30","slug":"la-tecnologia-nacional-e-internacional-en-maquinarias-se-expondra-en-la-fiesta-del-algodon-2023","status":"publish","type":"post","link":"https:\/\/chacosintesis.com.ar\/index.php\/la-tecnologia-nacional-e-internacional-en-maquinarias-se-expondra-en-la-fiesta-del-algodon-2023\/","title":{"rendered":"La tecnolog\u00eda nacional e internacional en maquinarias se expondr\u00e1 en la Fiesta del Algod\u00f3n 2023"},"content":{"rendered":"<p>Con las marcas m\u00e1s importantes del mercado nacional e internacional, se confirma la presencia de la maquinar\u00eda, que avanza en su propuesta tecnol\u00f3gica y se podr\u00e1 ver en S\u00e1enz Pe\u00f1a.<br \/>\nLa Fiesta Nacional del Algod\u00f3n 2023 tendr\u00e1 lugar en S\u00e1enz Pe\u00f1a del 4 al 6 de agosto pr\u00f3ximo. All\u00ed dir\u00e1n presente las marcas m\u00e1s importantes del mercado nacional e internacional de la maquinar\u00eda agr\u00edcola. Tambi\u00e9n la tecnolog\u00eda para la reserva y gesti\u00f3n del agua, que no solo es clave en la zona urbana, sino que tambi\u00e9n empieza ser fundamental en el campo.<br \/>\nEntre las novedades, la reconocida empresa santafesina representante de marcas l\u00edderes de industria nacional, Rogelio y Oscar Morelli, con representaci\u00f3n tambi\u00e9n en el norte argentino, formar\u00e1 parte de esta nueva edici\u00f3n.<br \/>\nCon el desarrollo de las marcas de industria nacional, l\u00edderes en sus rubros, como es el caso de Agrometal con toda la tecnolog\u00eda en sembradoras de grano grueso, fino y multiprop\u00f3sito. Las tolvas Cestari y los cabezales maiceros Maizco, los productores del centrochaque\u00f1o podr\u00e1n ver la tecnolog\u00eda disponible en S\u00e1enz Pe\u00f1a.<\/p>\n<p>Ferraro Maquinarias presente con una fuerte alianza<\/p>\n<p>Sebasti\u00e1n Casti\u00f1eira, titular de Ferraro Maquinarias, destac\u00f3 la sinergia de las empresas con las que trabaja para presentar a los visitantes una gama de productos amplia y para todo tipo de productor, junto a Trinor, Metal\u00fargica Paglia, con quienes comenzaron a trabajar, en la parte de equipamiento de palas frontales para el campo.<br \/>\nLa empresa, ubicada en S\u00e1enz Pe\u00f1a, viene apostando al crecimiento para ampliar sus fronteras. \u201cTrabajamos mucho con el cliente, ver los usos que les va a dar a las herramientas, futuros usos que pueda tener su compra, su decisi\u00f3n&#8221;, indic\u00f3 el empresario.<\/p>\n<p>Renovada l\u00ednea de Rotoplas<\/p>\n<p>Rotoplas estar\u00e1 presentando toda la l\u00ednea de megatanques, adem\u00e1s de biodigestores, c\u00e1maras s\u00e9pticas, tanque anti moho, cuatricapas, adem\u00e1s filtros para el agua. \u201cToda una renovada l\u00ednea de productos que vamos a tener en la exposici\u00f3n. Adem\u00e1s, podr\u00e1n ver el trabajo que hacen los productos con el agua, verlos funcionar\u201d, comento Eduardo Garc\u00eda Borghes, titular de la empresa<br \/>\nEl empresario destac\u00f3 que el acopio del agua hoy es clave. \u201cEl drenaje de tinglados, por ejemplo se est\u00e1n haciendo de otra forma. Antes, ca\u00eda al suelo, ahora hacen de forma especial canaletas y pueden guardar el agua de lluvia en tanques\u201d, agreg\u00f3<\/p>\n","protected":false},"excerpt":{"rendered":"<p>Con las marcas m\u00e1s importantes del mercado nacional e internacional, se confirma la presencia de la maquinar\u00eda, que avanza en su propuesta tecnol\u00f3gica y se podr\u00e1 ver en S\u00e1enz Pe\u00f1a. La Fiesta Nacional del Algod\u00f3n 2023 tendr\u00e1 lugar en S\u00e1enz Pe\u00f1a del 4 al 6 de agosto pr\u00f3ximo. All\u00ed dir\u00e1n presente las marcas m\u00e1s importantes [&hellip;]<\/p>\n","protected":false},"author":1,"featured_media":24377,"comment_status":"closed","ping_status":"closed","sticky":false,"template":"","format":"standard","meta":{"footnotes":""},"categories":[6],"tags":[],"class_list":{"0":"post-24376","1":"post","2":"type-post","3":"status-publish","4":"format-standard","5":"has-post-thumbnail","7":"category-chaco"},"_links":{"self":[{"href":"https:\/\/chacosintesis.com.ar\/index.php\/wp-json\/wp\/v2\/posts\/24376","targetHints":{"allow":["GET"]}}],"collection":[{"href":"https:\/\/chacosintesis.com.ar\/index.php\/wp-json\/wp\/v2\/posts"}],"about":[{"href":"https:\/\/chacosintesis.com.ar\/index.php\/wp-json\/wp\/v2\/types\/post"}],"author":[{"embeddable":true,"href":"https:\/\/chacosintesis.com.ar\/index.php\/wp-json\/wp\/v2\/users\/1"}],"replies":[{"embeddable":true,"href":"https:\/\/chacosintesis.com.ar\/index.php\/wp-json\/wp\/v2\/comments?post=24376"}],"version-history":[{"count":0,"href":"https:\/\/chacosintesis.com.ar\/index.php\/wp-json\/wp\/v2\/posts\/24376\/revisions"}],"wp:featuredmedia":[{"embeddable":true,"href":"https:\/\/chacosintesis.com.ar\/index.php\/wp-json\/wp\/v2\/media\/24377"}],"wp:attachment":[{"href":"https:\/\/chacosintesis.com.ar\/index.php\/wp-json\/wp\/v2\/media?parent=24376"}],"wp:term":[{"taxonomy":"category","embeddable":true,"href":"https:\/\/chacosintesis.com.ar\/index.php\/wp-json\/wp\/v2\/categories?post=24376"},{"taxonomy":"post_tag","embeddable":true,"href":"https:\/\/chacosintesis.com.ar\/index.php\/wp-json\/wp\/v2\/tags?post=24376"}],"curies":[{"name":"wp","href":"https:\/\/api.w.org\/{rel}","templated":true}]}}