{"id":24368,"date":"2023-07-25T21:29:06","date_gmt":"2023-07-26T00:29:06","guid":{"rendered":"https:\/\/chacosintesis.com.ar\/?p=24368"},"modified":"2023-07-25T21:36:40","modified_gmt":"2023-07-26T00:36:40","slug":"buscan-a-la-ong-destacada-del-2023-requisitos-y-como-participar","status":"publish","type":"post","link":"https:\/\/chacosintesis.com.ar\/index.php\/buscan-a-la-ong-destacada-del-2023-requisitos-y-como-participar\/","title":{"rendered":"Buscan a la ONG destacada del 2023: requisitos y c\u00f3mo participar"},"content":{"rendered":"<p>La iniciativa, a cargo de la Subsecretar\u00eda de Participaci\u00f3n Ciudadana, contar\u00e1 con est\u00edmulos econ\u00f3micos para 10 de ellas, poniendo en valor sus labores comunitarias y solidarias, en el marco de la celebraci\u00f3n del D\u00eda Provincial de las ONGs.<br \/>\nConvocan a las organizaciones del Chaco a participar del Premio Provincial ONG Destacada 2023. El Ministerio de Desarrollo Social del Chaco inform\u00f3 que hay tiempo de inscripci\u00f3n hasta el 28 de agosto.<br \/>\nLa iniciativa a cargo de la Subsecretar\u00eda de Participaci\u00f3n Ciudadana, contar\u00e1 con est\u00edmulos econ\u00f3micos para 10 de ellas, poniendo en valor sus labores comunitarias y solidarias, en el marco de la celebraci\u00f3n del 31 de agosto D\u00eda Provincial de las Oeneg\u00e9s.<br \/>\n\u201cPodr\u00e1n participar ONG\u00b4s de todas las localidades y que desarrollen su actividad solamente en el \u00e1mbito provincial, sean asociaciones civiles, comunitarias, fundaciones, cooperativas o similares. Las postulaciones se recibir\u00e1n hasta el viernes 28 de julio\u201d, se\u00f1alaron del Ministerio de Desarrollo Social.<br \/>\nSeg\u00fan indicaron, habr\u00e1 premios para hasta el d\u00e9cimo lugar. El primero obtendr\u00e1 un beneficio econ\u00f3mico de $350.000 mientras que el puesto n\u00famero 10 tendr\u00e1 un reconocimiento de $125.000.<br \/>\nRequisitos y consultas<br \/>\nEntre los requisitos, las y los interesados en participar, deber\u00e1n cumplimentar el formulario web ingresando a la biograf\u00eda e historias y tendr\u00e1n que contar con reconocimiento provincial o municipal. Adem\u00e1s, acreditar la actividad que desarrollan y el \u00e1mbito de actuaci\u00f3n de la misma, trayectoria con antig\u00fcedad no menor a un a\u00f1o y antecedentes actualizados, adem\u00e1s de personer\u00eda jur\u00eddica seg\u00fan corresponda.<br \/>\nPara consultas comunicarse a <a href=\"mailto:sub.participacion@chaco.gob.ar\" >sub.participacion@chaco.gob.ar<\/a> y <a href=\"mailto:participacionciudadana.ds@gmail.com\" >participacionciudadana.ds@gmail.com<\/a>. Tambi\u00e9n al tel\u00e9fono 3625-270273 o dirigirse personalmente a las oficinas de la subsecretar\u00eda en Santa Mar\u00eda de Oro 229 \u2013 Planta Alta, de Resistencia.<\/p>\n","protected":false},"excerpt":{"rendered":"<p>La iniciativa, a cargo de la Subsecretar\u00eda de Participaci\u00f3n Ciudadana, contar\u00e1 con est\u00edmulos econ\u00f3micos para 10 de ellas, poniendo en valor sus labores comunitarias y solidarias, en el marco de la celebraci\u00f3n del D\u00eda Provincial de las ONGs. Convocan a las organizaciones del Chaco a participar del Premio Provincial ONG Destacada 2023. El Ministerio de [&hellip;]<\/p>\n","protected":false},"author":1,"featured_media":24369,"comment_status":"closed","ping_status":"closed","sticky":false,"template":"","format":"standard","meta":{"footnotes":""},"categories":[6],"tags":[],"class_list":{"0":"post-24368","1":"post","2":"type-post","3":"status-publish","4":"format-standard","5":"has-post-thumbnail","7":"category-chaco"},"_links":{"self":[{"href":"https:\/\/chacosintesis.com.ar\/index.php\/wp-json\/wp\/v2\/posts\/24368","targetHints":{"allow":["GET"]}}],"collection":[{"href":"https:\/\/chacosintesis.com.ar\/index.php\/wp-json\/wp\/v2\/posts"}],"about":[{"href":"https:\/\/chacosintesis.com.ar\/index.php\/wp-json\/wp\/v2\/types\/post"}],"author":[{"embeddable":true,"href":"https:\/\/chacosintesis.com.ar\/index.php\/wp-json\/wp\/v2\/users\/1"}],"replies":[{"embeddable":true,"href":"https:\/\/chacosintesis.com.ar\/index.php\/wp-json\/wp\/v2\/comments?post=24368"}],"version-history":[{"count":0,"href":"https:\/\/chacosintesis.com.ar\/index.php\/wp-json\/wp\/v2\/posts\/24368\/revisions"}],"wp:featuredmedia":[{"embeddable":true,"href":"https:\/\/chacosintesis.com.ar\/index.php\/wp-json\/wp\/v2\/media\/24369"}],"wp:attachment":[{"href":"https:\/\/chacosintesis.com.ar\/index.php\/wp-json\/wp\/v2\/media?parent=24368"}],"wp:term":[{"taxonomy":"category","embeddable":true,"href":"https:\/\/chacosintesis.com.ar\/index.php\/wp-json\/wp\/v2\/categories?post=24368"},{"taxonomy":"post_tag","embeddable":true,"href":"https:\/\/chacosintesis.com.ar\/index.php\/wp-json\/wp\/v2\/tags?post=24368"}],"curies":[{"name":"wp","href":"https:\/\/api.w.org\/{rel}","templated":true}]}}