{"id":24361,"date":"2023-07-25T18:01:06","date_gmt":"2023-07-25T21:01:06","guid":{"rendered":"https:\/\/chacosintesis.com.ar\/?p=24361"},"modified":"2023-07-25T18:06:43","modified_gmt":"2023-07-25T21:06:43","slug":"el-gobierno-elabora-estrategias-de-financiamiento-para-reservas-naturales-privadas","status":"publish","type":"post","link":"https:\/\/chacosintesis.com.ar\/index.php\/el-gobierno-elabora-estrategias-de-financiamiento-para-reservas-naturales-privadas\/","title":{"rendered":"El Gobierno elabora estrategias de financiamiento para reservas naturales privadas"},"content":{"rendered":"<p>El gobernador, Jorge Capitanich, escuch\u00f3 propuestas y necesidades de los  propietarios de estos espacios. Trataron el marco regulatorio y consensuaron ideas de trabajo a corto y mediano plazo para la conservaci\u00f3n y la protecci\u00f3n de la biodiversidad en estos emprendimientos.<br \/>\nEl gobernador, Jorge Capitanich, se reuni\u00f3 este martes, en la Reserva Natural Los Chaguares de Colonia Ben\u00edtez, con propietarios de reservas naturales privadas. para escuchar propuestas y necesidades de los diferentes emprendimientos y acord\u00f3 establecer estrategias de financiamiento para mejorar la infraestructura, favoreciendo el ecoturismo.<br \/>\nLuego del encuentro, el mandatario cont\u00f3 que se trat\u00f3 de una reuni\u00f3n muy productiva con los responsables de las reservas privadas. \u201cHablamos de 25 reservas que tienen diferentes tipos de mecanismos de protecci\u00f3n, que van desde el bosque nativo, hasta producci\u00f3n integrada con una perspectiva org\u00e1nica y de cuidado y protecci\u00f3n del ambiente\u201d, explic\u00f3.<br \/>\nEn total, las reservas abarcan aproximadamente 160 mil hect\u00e1reas, lo que significa una superficie superior al 1 por ciento de la provincia. \u201cEsto es muy importante para la preservaci\u00f3n del ambiente y por lo que significa como iniciativa para integrar proyectos productivos que desarrollen el turismo, pero tambi\u00e9n la producci\u00f3n de material org\u00e1nico y de alimentos org\u00e1nicos y saludables que formen parte de una agenda de compromiso para el desarrollo futuro\u201d, destac\u00f3 Capitanich.<br \/>\n\u00c1reas protegidas en aumento<br \/>\nLas \u00e1reas protegidas son espacios geogr\u00e1ficos delimitados, reconocidos, valorados y gestionados a trav\u00e9s de medios legales que aseguren su conservaci\u00f3n y sostenibilidad a lo largo del tiempo, atendiendo a su integridad ecol\u00f3gica como as\u00ed tambi\u00e9n los servicios ecosist\u00e9micos que nos brindan. En Chaco, el sistema provincial de \u00c1reas Naturales Protegidas es la herramienta implementada desde el Ministerio de Ambiente y Desarrollo Territorial Sostenible, a trav\u00e9s de la Subsecretar\u00eda de Ambiente y Biodiversidad, para reconocerlas.<br \/>\nUno de los elementos fundamentales para incrementar la superficie de \u00e1reas protegidas es la declaraci\u00f3n de Reservas de Usos M\u00faltiples, la \u00fanica categor\u00eda del sistema provincial que permite la constituci\u00f3n sobre tierras privadas.  \u201cVamos a trabajar para que el 50 por ciento del presupuesto pueda ir a estos tipos de emprendimientos y tipificarlos conforme a las caracter\u00edsticas del mismo\u201d, anticip\u00f3 Capitanich.<br \/>\n\u201cHay que entender que la sumatoria de infraestructura, acceso al financiamiento y asignaci\u00f3n de recursos son muy valiosos para este tipo de emprendimientos que garantizan una mayor perspectiva de turismo receptivo\u201d, sostuvo el gobernador, acompa\u00f1ado por el subsecretario de Ambiente y Biodiversidad, Tom\u00e1s Camarasa; el director de \u00e1reas protegidas, Edgardo Wiltchiensky; y el intendente de la localidad, Sergio Phipps.<\/p>\n<p>Trabajo a corto y largo plazo<\/p>\n<p>El propietario de la reserva privada \u201cLa Savia\u201d, Cesar Fontana, asegur\u00f3 que fue un encuentro &#8220;muy positivo&#8221;. \u201cCreo que los funcionarios de gobierno tienen que hacer justamente lo que est\u00e1n haciendo, es decir escuchar a aquellos que tienen las bases y las propuestas para mejorar la calidad de vida de las personas de una regi\u00f3n\u201d, dijo, y agreg\u00f3: \u201ccon esta reuni\u00f3n vamos a poder tomar medidas acordes a lo que los ciudadanos est\u00e1n necesitando, por lo que estamos muy agradecidos con el gobernador\u201d.<br \/>\nPor su parte, Laura Angione, coordinadora de la granja educativa \u201cLa Josefina\u201d de Barranqueras, cont\u00f3 que la reuni\u00f3n sirvi\u00f3 para consensuar ideas y trabajar a corto y largo plazo en la conservaci\u00f3n y la protecci\u00f3n de la biodiversidad. \u201cCelebramos el acompa\u00f1amiento y que hoy nos escuche y podamos coordinar un plan a futuro\u201d, manifest\u00f3.<\/p>\n","protected":false},"excerpt":{"rendered":"<p>El gobernador, Jorge Capitanich, escuch\u00f3 propuestas y necesidades de los propietarios de estos espacios. Trataron el marco regulatorio y consensuaron ideas de trabajo a corto y mediano plazo para la conservaci\u00f3n y la protecci\u00f3n de la biodiversidad en estos emprendimientos. El gobernador, Jorge Capitanich, se reuni\u00f3 este martes, en la Reserva Natural Los Chaguares de [&hellip;]<\/p>\n","protected":false},"author":1,"featured_media":24362,"comment_status":"closed","ping_status":"closed","sticky":false,"template":"","format":"standard","meta":{"footnotes":""},"categories":[6],"tags":[],"class_list":{"0":"post-24361","1":"post","2":"type-post","3":"status-publish","4":"format-standard","5":"has-post-thumbnail","7":"category-chaco"},"_links":{"self":[{"href":"https:\/\/chacosintesis.com.ar\/index.php\/wp-json\/wp\/v2\/posts\/24361","targetHints":{"allow":["GET"]}}],"collection":[{"href":"https:\/\/chacosintesis.com.ar\/index.php\/wp-json\/wp\/v2\/posts"}],"about":[{"href":"https:\/\/chacosintesis.com.ar\/index.php\/wp-json\/wp\/v2\/types\/post"}],"author":[{"embeddable":true,"href":"https:\/\/chacosintesis.com.ar\/index.php\/wp-json\/wp\/v2\/users\/1"}],"replies":[{"embeddable":true,"href":"https:\/\/chacosintesis.com.ar\/index.php\/wp-json\/wp\/v2\/comments?post=24361"}],"version-history":[{"count":0,"href":"https:\/\/chacosintesis.com.ar\/index.php\/wp-json\/wp\/v2\/posts\/24361\/revisions"}],"wp:featuredmedia":[{"embeddable":true,"href":"https:\/\/chacosintesis.com.ar\/index.php\/wp-json\/wp\/v2\/media\/24362"}],"wp:attachment":[{"href":"https:\/\/chacosintesis.com.ar\/index.php\/wp-json\/wp\/v2\/media?parent=24361"}],"wp:term":[{"taxonomy":"category","embeddable":true,"href":"https:\/\/chacosintesis.com.ar\/index.php\/wp-json\/wp\/v2\/categories?post=24361"},{"taxonomy":"post_tag","embeddable":true,"href":"https:\/\/chacosintesis.com.ar\/index.php\/wp-json\/wp\/v2\/tags?post=24361"}],"curies":[{"name":"wp","href":"https:\/\/api.w.org\/{rel}","templated":true}]}}