{"id":24359,"date":"2023-07-25T17:59:07","date_gmt":"2023-07-25T20:59:07","guid":{"rendered":"https:\/\/chacosintesis.com.ar\/?p=24359"},"modified":"2023-07-25T18:06:43","modified_gmt":"2023-07-25T21:06:43","slug":"whatsapp-el-listado-completo-de-celulares-en-donde-dejara-de-funcionar-desde-agosto","status":"publish","type":"post","link":"https:\/\/chacosintesis.com.ar\/index.php\/whatsapp-el-listado-completo-de-celulares-en-donde-dejara-de-funcionar-desde-agosto\/","title":{"rendered":"WhatsApp: el listado completo de celulares en donde dejar\u00e1 de funcionar desde agosto"},"content":{"rendered":"<p>Se dio a conocer el listado completo de los celulares que ya no podr\u00e1n contar con WhatsApp desde el mes de agosto. WhatsApp es una de las aplicaciones de mensajer\u00eda m\u00e1s populares del mundo entero, por lo que se encuentra en constante transformaci\u00f3n para ofrecer el mejor servicio a los usuarios. En esta oportunidad, dieron a conocer que en agosto varios dispositivos ya no podr\u00e1n tener la aplicaci\u00f3n, como sucede todos los meses.<br \/>\nVale mencionar que esta medida se toma por cuestiones de seguridad y optimizaci\u00f3n de su servicio, ya que algunos usuarios podr\u00edan ser hasta v\u00edctima de hackers, por lo que un gran n\u00famero de modelos ya no tendr\u00e1n disponible la aplicaci\u00f3n de mensajer\u00eda.<br \/>\nPese a que la plataforma se encuentra en constante evoluci\u00f3n, tambi\u00e9n requiere que los dispositivos en los que est\u00e1 instalada la aplicaci\u00f3n cuenten con los recursos suficientes para que sea efectiva.<br \/>\nTeniendo eso en cuenta, quienes tengan celulares equipados con el sistema operativo Android anterior a la versi\u00f3n 4.1 ya no tendr\u00e1n actualizaciones a partir del pr\u00f3ximo mes.<br \/>\nDe todas formas, eso no implica que la aplicaci\u00f3n sea eliminada del dispositivo m\u00f3vil en cuesti\u00f3n, ya que a\u00fan se podr\u00e1 seguir teniendo acceso a la lista de contactos y los mensajes.<br \/>\nLa lista de smartphones en los que ya no funcionar\u00e1 WhatsApp<br \/>\nA partir del 1\u00b0 de agosto, no se podr\u00e1 tener la aplicaci\u00f3n de mensajer\u00eda en los siguientes dispositivos:<br \/>\nSamsung: Galaxy Trend II, Galaxy Trend Lite, Galaxy S3 mini, Galaxy X cover 2, Galaxy Core y Galaxy Ace 2. LG: Lucid 2, Optimus F7, Optimus L3 II Dual, Optimus F5, Optimus L5 II, Optimus L5 II &#8211; Dual, Optimus L3 II, Optimus L7 II Dual, Optimus L7 II, Optimus F6, Enact, Optimus L4 II Dual, Optimus F3, Optimus L4 II, Optimus L2 II y Optimus F3Q. Sony: Xperia M. Huawei: Ascend G740, Ascend Mate y Ascend D2. Lenovo: A820. Asimismo el servicio de mensajer\u00eda instant\u00e1nea tambi\u00e9n dejar\u00e1 de estar disponible en los dispositivos con tecnolog\u00eda iOS, los iPhone 6S, iPhone SE y iPhone 6S Plus.<br \/>\nFuente: La100<\/p>\n","protected":false},"excerpt":{"rendered":"<p>Se dio a conocer el listado completo de los celulares que ya no podr\u00e1n contar con WhatsApp desde el mes de agosto. WhatsApp es una de las aplicaciones de mensajer\u00eda m\u00e1s populares del mundo entero, por lo que se encuentra en constante transformaci\u00f3n para ofrecer el mejor servicio a los usuarios. En esta oportunidad, dieron [&hellip;]<\/p>\n","protected":false},"author":1,"featured_media":24360,"comment_status":"closed","ping_status":"closed","sticky":false,"template":"","format":"standard","meta":{"footnotes":""},"categories":[6],"tags":[],"class_list":{"0":"post-24359","1":"post","2":"type-post","3":"status-publish","4":"format-standard","5":"has-post-thumbnail","7":"category-chaco"},"_links":{"self":[{"href":"https:\/\/chacosintesis.com.ar\/index.php\/wp-json\/wp\/v2\/posts\/24359","targetHints":{"allow":["GET"]}}],"collection":[{"href":"https:\/\/chacosintesis.com.ar\/index.php\/wp-json\/wp\/v2\/posts"}],"about":[{"href":"https:\/\/chacosintesis.com.ar\/index.php\/wp-json\/wp\/v2\/types\/post"}],"author":[{"embeddable":true,"href":"https:\/\/chacosintesis.com.ar\/index.php\/wp-json\/wp\/v2\/users\/1"}],"replies":[{"embeddable":true,"href":"https:\/\/chacosintesis.com.ar\/index.php\/wp-json\/wp\/v2\/comments?post=24359"}],"version-history":[{"count":0,"href":"https:\/\/chacosintesis.com.ar\/index.php\/wp-json\/wp\/v2\/posts\/24359\/revisions"}],"wp:featuredmedia":[{"embeddable":true,"href":"https:\/\/chacosintesis.com.ar\/index.php\/wp-json\/wp\/v2\/media\/24360"}],"wp:attachment":[{"href":"https:\/\/chacosintesis.com.ar\/index.php\/wp-json\/wp\/v2\/media?parent=24359"}],"wp:term":[{"taxonomy":"category","embeddable":true,"href":"https:\/\/chacosintesis.com.ar\/index.php\/wp-json\/wp\/v2\/categories?post=24359"},{"taxonomy":"post_tag","embeddable":true,"href":"https:\/\/chacosintesis.com.ar\/index.php\/wp-json\/wp\/v2\/tags?post=24359"}],"curies":[{"name":"wp","href":"https:\/\/api.w.org\/{rel}","templated":true}]}}