{"id":24355,"date":"2023-07-25T17:31:22","date_gmt":"2023-07-25T20:31:22","guid":{"rendered":"https:\/\/chacosintesis.com.ar\/?p=24355"},"modified":"2023-07-25T17:37:01","modified_gmt":"2023-07-25T20:37:01","slug":"inauguraron-instalaciones-del-nuevo-instituto-de-formacion-para-trabajadores-de-la-sanidad","status":"publish","type":"post","link":"https:\/\/chacosintesis.com.ar\/index.php\/inauguraron-instalaciones-del-nuevo-instituto-de-formacion-para-trabajadores-de-la-sanidad\/","title":{"rendered":"Inauguraron instalaciones del nuevo instituto de formaci\u00f3n para trabajadores de la sanidad"},"content":{"rendered":"<p>Se trata de la UEGP N\u00b0236 donde se dictar\u00e1 la Tecnicatura Superior en Enfermer\u00eda a partir de agosto. Adem\u00e1s, se habilitaron cuatro consultorios y una sala de recepci\u00f3n de la obra social de ATSA.<br \/>\nEl gobernador Jorge Capitanich recibi\u00f3 este martes al secretario general de la Confederaci\u00f3n General del Trabajo (CGT) y de la Asociaci\u00f3n de Trabajadores de la Sanidad Argentina (ATSA), H\u00e9ctor Daer, con quien inaugur\u00f3 la Unidad de Educaci\u00f3n de Gesti\u00f3n Privada (UEGP) N\u00b0236, habilit\u00f3 cuatro consultorios y una sala de recepci\u00f3n de la obra social del sindicato.<br \/>\nLa unidad educativa, que fue gestionada hace muchos a\u00f1os por el sindicato, le otorgar\u00e1 una gran oportunidad de crecimiento a las y los 3.400 afiliados mediante la Tecnicatura Superior en Enfermer\u00eda. La carrera comenzar\u00e1 a dictarse en agosto con modalidad presencial y una duraci\u00f3n de tres a\u00f1os.<br \/>\n\u201cATSA Chaco siempre trabaj\u00f3 junto al gobierno\u201d, destac\u00f3 Capitanich, y record\u00f3 que en el 2007 cuando se produjo la transici\u00f3n de su mandato, &#8220;brindaron un soporte que fue muy productivo&#8221;. \u201cEs un gran orgullo ver la cantidad de trabajadoras y trabajadores involucrados en este espacio que sin dudas colaborar\u00e1 con el sistema sanitario, tan importante para mejorar la calidad de vida de la poblaci\u00f3n\u201d, manifest\u00f3.<br \/>\nEn este sentido, el mandatario remarc\u00f3 la calidad de la infraestructura edilicia que queda hoy habilitada y llam\u00f3 a las y los trabajadores de la salud a &#8220;apropiarse de los espacios de formaci\u00f3n, porque en definitiva estamos garantizando el acceso a la salud de los habitantes de la provincia\u201d.<br \/>\nH\u00e9ctor Daer felicit\u00f3 el trabajo que se realiz\u00f3 desde el Gobierno y consider\u00f3 que \u201cno se trata de una inauguraci\u00f3n humilde&#8221;; &#8220;es venir a la concreci\u00f3n de un sue\u00f1o, que no es meramente una utop\u00eda, sino que son sue\u00f1os que se trabajan, se transitan, se pelean y se logran\u201d, enfatiz\u00f3.<br \/>\n&#8220;Creemos que cada rinc\u00f3n del pa\u00eds tiene que tener la posibilidad de que la gente estudie y se forme. Esto es fundamental porque genera identidad y significa ascenso social, y forma parte de una visi\u00f3n federal que tenemos del pa\u00eds y que la traducimos en nuestra organizaci\u00f3n&#8221;, resalt\u00f3 el dirigente de la CGT.<br \/>\nAdem\u00e1s, junto al secretario general de ATSA Chaco, Adri\u00e1n Bellomi, rubricaron un convenio de cooperaci\u00f3n docente-asistencial entre el Gobierno y la UEGP N\u00b0236. Bellomi agradeci\u00f3 el acompa\u00f1amiento del gobernador y asegur\u00f3 que &#8220;si hay algo que las y los trabajadores de la sanidad defienden son sus conocimientos, y es una obligaci\u00f3n de las organizaciones sindicales acompa\u00f1ar y aportar a esa realidad\u201d.<br \/>\nEstuvieron presentes la ministra de Salud, Carolina Centeno, los ministros de Educaci\u00f3n, Aldo Lineras y de Gobierno y Trabajo, Juan Manuel Chapo, as\u00ed como trabajadoras y trabajadores de la Salud.<\/p>\n<p>Garantizar la formaci\u00f3n de la y el trabajador<\/p>\n<p>La ministra Centeno asegur\u00f3 que la sindicalizaci\u00f3n &#8220;es el camino para la defensa de los derechos de los trabajadores y de las trabajadoras&#8221;, en tanto que las iniciativas de formaci\u00f3n y de capacitaci\u00f3n &#8220;son el camino de la profesionalizaci\u00f3n&#8221;. \u201cDentro del campo de la salud esto garantiza el cumplimiento del derecho y mejorar todos los d\u00edas la atenci\u00f3n\u201d, sostuvo.<br \/>\nLo importante para la funcionaria provincial es que en la UEGP N\u00b0236 los propios trabajadores ser\u00e1n los que formen a los trabajadores. \u201cEso tiene un plus que no tienen otros espacios porque significa la formaci\u00f3n desde la visi\u00f3n del trabajador, permitir\u00e1 generar reflexi\u00f3n sobre lo que hacemos todos los d\u00edas, sobre si lo que hacemos sirve o no sirve, no solamente de manera individual, sino tambi\u00e9n pensando en el colectivo\u201d consider\u00f3.<br \/>\n&#8220;Con esta iniciativa se discute la pol\u00edtica desde la pol\u00edtica sanitaria, desde la visi\u00f3n del trabajador de salud inserto en una comunidad que demanda nuevas cosas, que tiene nuevas necesidades, que necesita de trabajadores comprometidos. Y por supuesto con trabajadores bien remunerados, con buena salud, con buenos espacios laborales, pensando en una vida digna\u201d, remarc\u00f3.<\/p>\n","protected":false},"excerpt":{"rendered":"<p>Se trata de la UEGP N\u00b0236 donde se dictar\u00e1 la Tecnicatura Superior en Enfermer\u00eda a partir de agosto. Adem\u00e1s, se habilitaron cuatro consultorios y una sala de recepci\u00f3n de la obra social de ATSA. El gobernador Jorge Capitanich recibi\u00f3 este martes al secretario general de la Confederaci\u00f3n General del Trabajo (CGT) y de la Asociaci\u00f3n [&hellip;]<\/p>\n","protected":false},"author":1,"featured_media":24356,"comment_status":"closed","ping_status":"closed","sticky":false,"template":"","format":"standard","meta":{"footnotes":""},"categories":[6],"tags":[],"class_list":{"0":"post-24355","1":"post","2":"type-post","3":"status-publish","4":"format-standard","5":"has-post-thumbnail","7":"category-chaco"},"_links":{"self":[{"href":"https:\/\/chacosintesis.com.ar\/index.php\/wp-json\/wp\/v2\/posts\/24355","targetHints":{"allow":["GET"]}}],"collection":[{"href":"https:\/\/chacosintesis.com.ar\/index.php\/wp-json\/wp\/v2\/posts"}],"about":[{"href":"https:\/\/chacosintesis.com.ar\/index.php\/wp-json\/wp\/v2\/types\/post"}],"author":[{"embeddable":true,"href":"https:\/\/chacosintesis.com.ar\/index.php\/wp-json\/wp\/v2\/users\/1"}],"replies":[{"embeddable":true,"href":"https:\/\/chacosintesis.com.ar\/index.php\/wp-json\/wp\/v2\/comments?post=24355"}],"version-history":[{"count":0,"href":"https:\/\/chacosintesis.com.ar\/index.php\/wp-json\/wp\/v2\/posts\/24355\/revisions"}],"wp:featuredmedia":[{"embeddable":true,"href":"https:\/\/chacosintesis.com.ar\/index.php\/wp-json\/wp\/v2\/media\/24356"}],"wp:attachment":[{"href":"https:\/\/chacosintesis.com.ar\/index.php\/wp-json\/wp\/v2\/media?parent=24355"}],"wp:term":[{"taxonomy":"category","embeddable":true,"href":"https:\/\/chacosintesis.com.ar\/index.php\/wp-json\/wp\/v2\/categories?post=24355"},{"taxonomy":"post_tag","embeddable":true,"href":"https:\/\/chacosintesis.com.ar\/index.php\/wp-json\/wp\/v2\/tags?post=24355"}],"curies":[{"name":"wp","href":"https:\/\/api.w.org\/{rel}","templated":true}]}}