{"id":24353,"date":"2023-07-25T17:24:02","date_gmt":"2023-07-25T20:24:02","guid":{"rendered":"https:\/\/chacosintesis.com.ar\/?p=24353"},"modified":"2023-07-25T17:37:00","modified_gmt":"2023-07-25T20:37:00","slug":"lorenzo-queremos-hablar-de-las-potencialidades-de-las-personas-con-discapacidad-y-de-la-manera-en-como-incluirlas","status":"publish","type":"post","link":"https:\/\/chacosintesis.com.ar\/index.php\/lorenzo-queremos-hablar-de-las-potencialidades-de-las-personas-con-discapacidad-y-de-la-manera-en-como-incluirlas\/","title":{"rendered":"Lorenzo: \u201cQueremos hablar de las potencialidades de las personas con discapacidad y de la manera en c\u00f3mo incluirlas\u201d"},"content":{"rendered":"<p>El evento se desarrollar\u00e1 el 31 de julio, 1 y 2 de agosto en Resistencia, el 3 de agosto en Charata y el 4 en General San Mart\u00edn. Adem\u00e1s, se sumar\u00e1 el Foro Global para la Inclusi\u00f3n y la Discapacidad y la Entrega de los Premios de la Ciencia Eureka 2023 bajo el lema &#8220;Queremos hablar de Capacidad\u201d.<br \/>\nJos\u00e9 Lorenzo, presidente del Instituto Provincial para la Inclusi\u00f3n de las Personas con Discapacidad (IPRODICH), dialog\u00f3 con Chaco TV sobre el VII Congreso Internacional de Discapacidad 2023 que se desarrollar\u00e1 el 31 de julio, 1 y 2 de agosto en Resistencia, el 3 de agosto en Charata, y el 4 en General San Mart\u00edn. \u201cEstamos contentos con las expectativas generadas. Impacta ver los n\u00fameros y la expectativa de la gente por concurrir\u201d, expres\u00f3.<br \/>\nSobre los temas que se tratar\u00e1n en el evento, se\u00f1al\u00f3: \u201cQueremos hablar de las potencialidades de las personas con discapacidad y de la manera en c\u00f3mo incluirlas. Por eso el t\u00edtulo del evento es &#8216;Hablemos de Capacidad&#8217;, con una mirada profundamente hacia el lado de la inclusi\u00f3n\u201d. Asimismo, explic\u00f3 que contar\u00e1n con la presencia de 14 disertantes internacionales y 7 disertantes nacionales. \u201cTrabajaremos a tres salas para que la gente pueda discernir qu\u00e9 tipo de charlas le conviene escuchar\u201d, dijo.<br \/>\nPor otra parte, destac\u00f3 fundamentalmente el apoyo en la educaci\u00f3n ya que \u201cpermite el desarrollo de cualquier persona a trav\u00e9s de su formaci\u00f3n\u201d. \u201cHemos observado en estos \u00faltimos el tr\u00e1nsito de muchas personas por todo el ciclo educativo hasta llegar a la universidad. Es muy saludable ver a muchas personas con discapacidad transitando en los \u00e1mbitos universitarios\u201d, manifest\u00f3 Lorenzo al mismo tiempo que destac\u00f3 los sistemas de apoyo que el Estado brinda, ya sea con recursos humanos o con mobiliarios adecuados.<br \/>\nAdem\u00e1s, habl\u00f3 de la importancia de la inclusi\u00f3n laboral y del trabajo continuo que realizan en busca del \u201crespeto por ese cupo del 5%\u201d. \u201cVenimos trabajando hace muchos a\u00f1os en entrenamientos laborales de aquellas personas que no son profesionales en oficios. Es un proceso lento que ocurre en todo el pa\u00eds debido a una situaci\u00f3n compleja que estamos viviendo\u201d, expres\u00f3 Lorenzo. Para concluir, inform\u00f3 que el mi\u00e9rcoles a las 9 se abrir\u00e1n 500 cupos disponibles para anotarse y formar parte del evento.<\/p>\n","protected":false},"excerpt":{"rendered":"<p>El evento se desarrollar\u00e1 el 31 de julio, 1 y 2 de agosto en Resistencia, el 3 de agosto en Charata y el 4 en General San Mart\u00edn. Adem\u00e1s, se sumar\u00e1 el Foro Global para la Inclusi\u00f3n y la Discapacidad y la Entrega de los Premios de la Ciencia Eureka 2023 bajo el lema &#8220;Queremos [&hellip;]<\/p>\n","protected":false},"author":1,"featured_media":24354,"comment_status":"closed","ping_status":"closed","sticky":false,"template":"","format":"standard","meta":{"footnotes":""},"categories":[6],"tags":[],"class_list":{"0":"post-24353","1":"post","2":"type-post","3":"status-publish","4":"format-standard","5":"has-post-thumbnail","7":"category-chaco"},"_links":{"self":[{"href":"https:\/\/chacosintesis.com.ar\/index.php\/wp-json\/wp\/v2\/posts\/24353","targetHints":{"allow":["GET"]}}],"collection":[{"href":"https:\/\/chacosintesis.com.ar\/index.php\/wp-json\/wp\/v2\/posts"}],"about":[{"href":"https:\/\/chacosintesis.com.ar\/index.php\/wp-json\/wp\/v2\/types\/post"}],"author":[{"embeddable":true,"href":"https:\/\/chacosintesis.com.ar\/index.php\/wp-json\/wp\/v2\/users\/1"}],"replies":[{"embeddable":true,"href":"https:\/\/chacosintesis.com.ar\/index.php\/wp-json\/wp\/v2\/comments?post=24353"}],"version-history":[{"count":0,"href":"https:\/\/chacosintesis.com.ar\/index.php\/wp-json\/wp\/v2\/posts\/24353\/revisions"}],"wp:featuredmedia":[{"embeddable":true,"href":"https:\/\/chacosintesis.com.ar\/index.php\/wp-json\/wp\/v2\/media\/24354"}],"wp:attachment":[{"href":"https:\/\/chacosintesis.com.ar\/index.php\/wp-json\/wp\/v2\/media?parent=24353"}],"wp:term":[{"taxonomy":"category","embeddable":true,"href":"https:\/\/chacosintesis.com.ar\/index.php\/wp-json\/wp\/v2\/categories?post=24353"},{"taxonomy":"post_tag","embeddable":true,"href":"https:\/\/chacosintesis.com.ar\/index.php\/wp-json\/wp\/v2\/tags?post=24353"}],"curies":[{"name":"wp","href":"https:\/\/api.w.org\/{rel}","templated":true}]}}