{"id":24351,"date":"2023-07-25T17:21:30","date_gmt":"2023-07-25T20:21:30","guid":{"rendered":"https:\/\/chacosintesis.com.ar\/?p=24351"},"modified":"2023-07-25T17:37:00","modified_gmt":"2023-07-25T20:37:00","slug":"salud-publica-recorre-el-area-metropolitana-para-asegurar-el-abastecimiento-de-medicamentos","status":"publish","type":"post","link":"https:\/\/chacosintesis.com.ar\/index.php\/salud-publica-recorre-el-area-metropolitana-para-asegurar-el-abastecimiento-de-medicamentos\/","title":{"rendered":"Salud P\u00fablica recorre el \u00e1rea metropolitana para asegurar el abastecimiento de medicamentos"},"content":{"rendered":"<p>El objetivo es contar con un seguimiento del abastecimiento de medicamentos y estado general de las farmacias a fin de garantizar el acceso a los medicamentos en la atenci\u00f3n primaria de la salud. El Ministerio de Salud P\u00fablica del Chaco inici\u00f3, este lunes, una recorrida por los centros de salud de la provincia para constatar el abastecimiento de las farmacias con el objetivo de garantizar a la comunidad el acceso a los medicamentos esenciales. El equipo de la Direcci\u00f3n de Regiones Sanitarias inici\u00f3 las visitas en el \u00c1rea Metropolitana del Gran Resistencia y se extender\u00e1n por toda la provincia. \u201cEstamos recorriendo los centros de salud no s\u00f3lo para constatar el abastecimiento de medicamentos sino tambi\u00e9n el estado general de las farmacias a fin de regularizar y organizar lo necesario para garantizar agilidad y calidad\u201d, indic\u00f3 H\u00e9ctor Amarilla, del equipo de la Direcci\u00f3n de Regiones Sanitarias. La cartera sanitaria entrega semanalmente medicamentos a los diferentes centros de salud. \u201cEstamos coordinando con los equipos para responder a las demandas y que cada vecino y vecina que se acerque al centro de salud de su barrio tenga su medicamento\u201d, remarc\u00f3. Para ello continuar\u00e1n las recorridas a trav\u00e9s de un cronograma mensual. \u201cEl objetivo es garantizar el acceso a los medicamentos en la atenci\u00f3n primaria de la salud y mejorar el servicio con eficiencia y equidad\u201d, detall\u00f3 el referente de la Direcci\u00f3n de Regiones Sanitarias.<\/p>\n","protected":false},"excerpt":{"rendered":"<p>El objetivo es contar con un seguimiento del abastecimiento de medicamentos y estado general de las farmacias a fin de garantizar el acceso a los medicamentos en la atenci\u00f3n primaria de la salud. El Ministerio de Salud P\u00fablica del Chaco inici\u00f3, este lunes, una recorrida por los centros de salud de la provincia para constatar [&hellip;]<\/p>\n","protected":false},"author":1,"featured_media":24352,"comment_status":"closed","ping_status":"closed","sticky":false,"template":"","format":"standard","meta":{"footnotes":""},"categories":[6],"tags":[],"class_list":{"0":"post-24351","1":"post","2":"type-post","3":"status-publish","4":"format-standard","5":"has-post-thumbnail","7":"category-chaco"},"_links":{"self":[{"href":"https:\/\/chacosintesis.com.ar\/index.php\/wp-json\/wp\/v2\/posts\/24351","targetHints":{"allow":["GET"]}}],"collection":[{"href":"https:\/\/chacosintesis.com.ar\/index.php\/wp-json\/wp\/v2\/posts"}],"about":[{"href":"https:\/\/chacosintesis.com.ar\/index.php\/wp-json\/wp\/v2\/types\/post"}],"author":[{"embeddable":true,"href":"https:\/\/chacosintesis.com.ar\/index.php\/wp-json\/wp\/v2\/users\/1"}],"replies":[{"embeddable":true,"href":"https:\/\/chacosintesis.com.ar\/index.php\/wp-json\/wp\/v2\/comments?post=24351"}],"version-history":[{"count":0,"href":"https:\/\/chacosintesis.com.ar\/index.php\/wp-json\/wp\/v2\/posts\/24351\/revisions"}],"wp:featuredmedia":[{"embeddable":true,"href":"https:\/\/chacosintesis.com.ar\/index.php\/wp-json\/wp\/v2\/media\/24352"}],"wp:attachment":[{"href":"https:\/\/chacosintesis.com.ar\/index.php\/wp-json\/wp\/v2\/media?parent=24351"}],"wp:term":[{"taxonomy":"category","embeddable":true,"href":"https:\/\/chacosintesis.com.ar\/index.php\/wp-json\/wp\/v2\/categories?post=24351"},{"taxonomy":"post_tag","embeddable":true,"href":"https:\/\/chacosintesis.com.ar\/index.php\/wp-json\/wp\/v2\/tags?post=24351"}],"curies":[{"name":"wp","href":"https:\/\/api.w.org\/{rel}","templated":true}]}}