{"id":24345,"date":"2023-07-25T17:12:57","date_gmt":"2023-07-25T20:12:57","guid":{"rendered":"https:\/\/chacosintesis.com.ar\/?p=24345"},"modified":"2023-07-25T17:36:56","modified_gmt":"2023-07-25T20:36:56","slug":"invitan-al-seminario-internacional-del-algodon-que-se-realizara-en-saenz-pena","status":"publish","type":"post","link":"https:\/\/chacosintesis.com.ar\/index.php\/invitan-al-seminario-internacional-del-algodon-que-se-realizara-en-saenz-pena\/","title":{"rendered":"Invitan al Seminario Internacional del Algod\u00f3n que se realizar\u00e1 en S\u00e1enz Pe\u00f1a"},"content":{"rendered":"<p>Contar\u00e1 con la participaci\u00f3n de destacados expositores argentinos y de otros pa\u00edses l\u00edderes en el sector.<br \/>\nEl Ministerio de Producci\u00f3n, Industria y Empleo realizar\u00e1 el pr\u00f3ximo 3 de agosto el Seminario Internacional del Algod\u00f3n denominado \u201cInnovaci\u00f3n, Calidad y Mercado; 100 a\u00f1os de Algod\u00f3n Chaque\u00f1o\u201d. El evento que contar\u00e1 con la participaci\u00f3n de destacados expositores argentinos y de otros pa\u00edses l\u00edderes en el sector.<br \/>\nEl seminario, que contar\u00e1 con la presencia del gobernador Jorge Capitanich para la apertura, se desarrollar\u00e1 en la Estaci\u00f3n Experimental Agropecuaria del Inta en S\u00e1enz Pe\u00f1a, ubicada en el kil\u00f3metro 1108 de la ruta 95. La propuesta, que se da en el marco de la celebraci\u00f3n por el cent\u00e9simo aniversario del Instituto Nacional de Tecnolog\u00eda Agropecuaria (Inta), ser\u00e1 la antesala a la 13\u00b0 edici\u00f3n de la Fiesta Nacional del Algod\u00f3n, prevista para el 4, 5 y 6 de agosto.<br \/>\nLa jornada tendr\u00e1 dos grandes bloques de disertaciones y capacitaci\u00f3n: por un lado, Comercializaci\u00f3n y Vinculaci\u00f3n Mercosur y, por otro, Innovaci\u00f3n Tecnol\u00f3gica y Calidad. \u201cEl seminario tiene como gran objetivo dar a conocer y capacitar a nuestros productores acerca de los grandes cambios tecnol\u00f3gicos que a nivel global se est\u00e1n dando en torno al cultivo insignia y emblema del Chaco\u201d, asegur\u00f3 este martes la subsecretaria de Agricultura, Flavia Francescutti.<br \/>\nLa funcionaria de la cartera productiva destac\u00f3 la importancia del evento y mencion\u00f3 la relevancia de los expositores internacionales, quienes har\u00e1n foco en nuevas tecnolog\u00edas como tendencias mundiales y en las mejoras gen\u00e9ticas vinculadas al sector. \u201cTenemos prevista para este 3 de agosto una agenda extraordinaria con disertantes de muy buen nivel a lo que se suma un panel de final de experiencias regionales y modelos de negocio regional que ser\u00e1 realmente muy interesante\u201d, detall\u00f3 Francescutti.<br \/>\nLa titular de la Subsecretar\u00eda de Agricultura resalt\u00f3 el rol del Inta de S\u00e1enz Pe\u00f1a y su centenario como puntal del desarrollo algodonero de la provincia con la creaci\u00f3n, en 1923, de la primera chacra experimental creada para la implementaci\u00f3n tecnol\u00f3gica para potenciar al cultivo emblema del Chaco.<br \/>\nEl seminario se dividir\u00e1 en dos grandes bloques orientados a la comercializaci\u00f3n y la vinculaci\u00f3n regional con mirada exportadora de la producci\u00f3n chaque\u00f1a, y a la actualizaci\u00f3n en cuanto a la innovaci\u00f3n tecnol\u00f3gica que es tendencia a nivel global.<br \/>\nEn lo que refiere al primero de los paneles, las disertaciones estar\u00e1n a cargo de Jarral Neeper (Estados Unidos), Marco Aurelio Caballero Bosch (Paraguay), Marcio Portocarrero (Brasil) y Pablo Yaccarino (Argentina).<br \/>\nEn tanto que el segundo de los bloques contar\u00e1 con las exposiciones de Mauricio Tcach (Argentina), Marcelo Paytas (Argentina), Keerthi Rathore (Estados Unidos) y Jean-Louis Belot (Brasil).<br \/>\n\u201cConvocamos a todos los productores y productoras de algod\u00f3n a sumarse a esta experiencia que ser\u00e1 de relevancia y gran nivel profesional y t\u00e9cnico\u201d, finaliz\u00f3 Francescutti, quien acot\u00f3 que las y los interesados podr\u00e1n inscribirse y confirmar su presencia en el evento hasta el lunes 31 de julio a trav\u00e9s de las redes sociales del Ministerio de Producci\u00f3n, de la Subsecretar\u00eda de Agricultura y del Inta.<\/p>\n","protected":false},"excerpt":{"rendered":"<p>Contar\u00e1 con la participaci\u00f3n de destacados expositores argentinos y de otros pa\u00edses l\u00edderes en el sector. El Ministerio de Producci\u00f3n, Industria y Empleo realizar\u00e1 el pr\u00f3ximo 3 de agosto el Seminario Internacional del Algod\u00f3n denominado \u201cInnovaci\u00f3n, Calidad y Mercado; 100 a\u00f1os de Algod\u00f3n Chaque\u00f1o\u201d. El evento que contar\u00e1 con la participaci\u00f3n de destacados expositores argentinos [&hellip;]<\/p>\n","protected":false},"author":1,"featured_media":24346,"comment_status":"closed","ping_status":"closed","sticky":false,"template":"","format":"standard","meta":{"footnotes":""},"categories":[6],"tags":[],"class_list":{"0":"post-24345","1":"post","2":"type-post","3":"status-publish","4":"format-standard","5":"has-post-thumbnail","7":"category-chaco"},"_links":{"self":[{"href":"https:\/\/chacosintesis.com.ar\/index.php\/wp-json\/wp\/v2\/posts\/24345","targetHints":{"allow":["GET"]}}],"collection":[{"href":"https:\/\/chacosintesis.com.ar\/index.php\/wp-json\/wp\/v2\/posts"}],"about":[{"href":"https:\/\/chacosintesis.com.ar\/index.php\/wp-json\/wp\/v2\/types\/post"}],"author":[{"embeddable":true,"href":"https:\/\/chacosintesis.com.ar\/index.php\/wp-json\/wp\/v2\/users\/1"}],"replies":[{"embeddable":true,"href":"https:\/\/chacosintesis.com.ar\/index.php\/wp-json\/wp\/v2\/comments?post=24345"}],"version-history":[{"count":0,"href":"https:\/\/chacosintesis.com.ar\/index.php\/wp-json\/wp\/v2\/posts\/24345\/revisions"}],"wp:featuredmedia":[{"embeddable":true,"href":"https:\/\/chacosintesis.com.ar\/index.php\/wp-json\/wp\/v2\/media\/24346"}],"wp:attachment":[{"href":"https:\/\/chacosintesis.com.ar\/index.php\/wp-json\/wp\/v2\/media?parent=24345"}],"wp:term":[{"taxonomy":"category","embeddable":true,"href":"https:\/\/chacosintesis.com.ar\/index.php\/wp-json\/wp\/v2\/categories?post=24345"},{"taxonomy":"post_tag","embeddable":true,"href":"https:\/\/chacosintesis.com.ar\/index.php\/wp-json\/wp\/v2\/tags?post=24345"}],"curies":[{"name":"wp","href":"https:\/\/api.w.org\/{rel}","templated":true}]}}