{"id":24327,"date":"2023-07-25T16:33:29","date_gmt":"2023-07-25T19:33:29","guid":{"rendered":"https:\/\/chacosintesis.com.ar\/?p=24327"},"modified":"2023-07-25T16:36:41","modified_gmt":"2023-07-25T19:36:41","slug":"la-asociacion-kiosqueros-unidos-se-reunio-con-capitanich-para-trabajar-en-un-regimen-de-empleo","status":"publish","type":"post","link":"https:\/\/chacosintesis.com.ar\/index.php\/la-asociacion-kiosqueros-unidos-se-reunio-con-capitanich-para-trabajar-en-un-regimen-de-empleo\/","title":{"rendered":"La Asociaci\u00f3n Kiosqueros Unidos se reuni\u00f3 con Capitanich para trabajar en un r\u00e9gimen de empleo"},"content":{"rendered":"<p>Adem\u00e1s, se avanz\u00f3 en l\u00edneas de cr\u00e9dito que ofrece la provincia, as\u00ed como tambi\u00e9n en promover el consumo de productos chaque\u00f1os.<br \/>\nEl gobernador Jorge Capitanich se reuni\u00f3 este lunes con representantes y miembros de la Asociaci\u00f3n Kiosqueros Unidos del Chaco para abordar una agenda de temas referentes al sector, entre los que destacan optimizar el servicio el\u00e9ctrico, propiciar una red de seguridad y trabajar en un r\u00e9gimen de empleo espec\u00edfico. \u201cVamos a seguir trabajando juntos para promover el desarrollo del sector garantizando m\u00e1s oportunidades para todos y todas\u201d, afirm\u00f3 el mandatario. Uno de los temas m\u00e1s importantes que se trataron durante la reuni\u00f3n fue la manera de definir soluciones en cuanto a la provisi\u00f3n de energ\u00edas renovables para estos negocios, as\u00ed como tambi\u00e9n trabajar en sistemas tarifarios para mejorar el servicio. En este sentido, con el subgerente del \u00c1rea Metropolitana de Secheep, Germ\u00e1n Gonz\u00e1lez, como representante del sector, se plante\u00f3 la posibilidad de trabajar con energ\u00eda solar para abastecer a los locales, lo que permitir\u00eda abaratar costos para los comerciantes e inyectar a la empresa la energ\u00eda sobrante de esta propuesta. Adem\u00e1s, otro de los asuntos m\u00e1s destacados fue la seguridad, donde se avanz\u00f3 en distintas propuestas. Uno de los pedidos puntuales del sector fue la distribuci\u00f3n de botones antip\u00e1nico entre los asociados, para reportar cualquier tipo de problema en tiempo real. A su vez, los comerciantes tambi\u00e9n plantearon al gobernador la utilizaci\u00f3n de sus c\u00e1maras de seguridad, para conectarlos a la red p\u00fablica y conformar un sistema unificado. Sobre esto, la subsecretaria de Comercio Exterior y Defensa de la Competencia, Ludmila Voloj, remarc\u00f3 que \u201cfue una reuni\u00f3n muy positiva porque son una asociaci\u00f3n que trabaja puntualmente lo relativo a las problem\u00e1ticas que existen en este sector. Han tenido la posibilidad de comentar al gobernador lo que tiene que ver con la seguridad, como as\u00ed tambi\u00e9n en el uso de la energ\u00eda\u201d. Ampliando el pedido puntual acerca de la seguridad, la funcionaria sostuvo que \u201cfinalmente, estos comercios son puntos de encuentro de las personas, por lo que pueden trabajarse de manera conjunta con el Estado para garantizar que sean puntos seguros\u201d. A su vez, Voloj record\u00f3 durante la reuni\u00f3n a los comerciantes las diferentes l\u00edneas de cr\u00e9dito con que cuenta el Ministerio de Producci\u00f3n, Industria y Empleo para esta clase de emprendimientos, abarcando no solo el mejoramiento de infraestructura, sino tambi\u00e9n para ampliar la red de proveedores locales. \u201cImpulsamos un programa que busca promover el abastecimiento de productos y alimentos de origen 100% chaque\u00f1o\u201d, agreg\u00f3. Seguidamente, el presidente de la Asociaci\u00f3n Kiosqueros Unidos del Chaco, Rolando Kramer, destac\u00f3 los puntos de la reuni\u00f3n y asegur\u00f3 que \u201ceran los temas que nos interesaban. Para tomar decisiones hay que tener alternativas, y con el gobernador planteamos diferentes soluciones posibles\u201d. En cuanto a la energ\u00eda, el referente afirm\u00f3 que \u201csomos muy dependientes de la electricidad en nuestros negocios, y junto a Secheep nos comprometimos a trabajar en una soluci\u00f3n novedosa\u201d; mientras que sobre la seguridad, sostuvo que \u201ctrabajando en conjunto y entre varios sectores se minimizan los riesgos ante este tipo de eventos\u201d. Por \u00faltimo, en la asamblea tambi\u00e9n se trat\u00f3 la alternativa de implementar un r\u00e9gimen de empleo espec\u00edfico para este sector, buscando nuevas alternativas que se ajusten a la situaci\u00f3n de estos trabajadores, que en algunos casos se encuentran empleados en negocios que atienden las 24 horas. Al respecto, Voloj destac\u00f3 que \u201cnos encontramos con una muy buena propuesta por parte del sector para trabajar conjuntamente y fortalecer los puntos m\u00e1s demandados. El gobernador ha tomado esta sugerencia para avanzar en cuestiones no solo impositivas, sino tambi\u00e9n laborales para estos trabajadores, y lo vamos a estar analizando\u201d.<\/p>\n","protected":false},"excerpt":{"rendered":"<p>Adem\u00e1s, se avanz\u00f3 en l\u00edneas de cr\u00e9dito que ofrece la provincia, as\u00ed como tambi\u00e9n en promover el consumo de productos chaque\u00f1os. El gobernador Jorge Capitanich se reuni\u00f3 este lunes con representantes y miembros de la Asociaci\u00f3n Kiosqueros Unidos del Chaco para abordar una agenda de temas referentes al sector, entre los que destacan optimizar el [&hellip;]<\/p>\n","protected":false},"author":1,"featured_media":24328,"comment_status":"closed","ping_status":"closed","sticky":false,"template":"","format":"standard","meta":{"footnotes":""},"categories":[6],"tags":[],"class_list":{"0":"post-24327","1":"post","2":"type-post","3":"status-publish","4":"format-standard","5":"has-post-thumbnail","7":"category-chaco"},"_links":{"self":[{"href":"https:\/\/chacosintesis.com.ar\/index.php\/wp-json\/wp\/v2\/posts\/24327","targetHints":{"allow":["GET"]}}],"collection":[{"href":"https:\/\/chacosintesis.com.ar\/index.php\/wp-json\/wp\/v2\/posts"}],"about":[{"href":"https:\/\/chacosintesis.com.ar\/index.php\/wp-json\/wp\/v2\/types\/post"}],"author":[{"embeddable":true,"href":"https:\/\/chacosintesis.com.ar\/index.php\/wp-json\/wp\/v2\/users\/1"}],"replies":[{"embeddable":true,"href":"https:\/\/chacosintesis.com.ar\/index.php\/wp-json\/wp\/v2\/comments?post=24327"}],"version-history":[{"count":0,"href":"https:\/\/chacosintesis.com.ar\/index.php\/wp-json\/wp\/v2\/posts\/24327\/revisions"}],"wp:featuredmedia":[{"embeddable":true,"href":"https:\/\/chacosintesis.com.ar\/index.php\/wp-json\/wp\/v2\/media\/24328"}],"wp:attachment":[{"href":"https:\/\/chacosintesis.com.ar\/index.php\/wp-json\/wp\/v2\/media?parent=24327"}],"wp:term":[{"taxonomy":"category","embeddable":true,"href":"https:\/\/chacosintesis.com.ar\/index.php\/wp-json\/wp\/v2\/categories?post=24327"},{"taxonomy":"post_tag","embeddable":true,"href":"https:\/\/chacosintesis.com.ar\/index.php\/wp-json\/wp\/v2\/tags?post=24327"}],"curies":[{"name":"wp","href":"https:\/\/api.w.org\/{rel}","templated":true}]}}