{"id":24323,"date":"2023-07-25T12:34:56","date_gmt":"2023-07-25T15:34:56","guid":{"rendered":"https:\/\/chacosintesis.com.ar\/?p=24323"},"modified":"2023-07-25T12:40:27","modified_gmt":"2023-07-25T15:40:27","slug":"inauguraron-la-remodelacion-integral-del-hogar-madre-teresa-de-calcuta","status":"publish","type":"post","link":"https:\/\/chacosintesis.com.ar\/index.php\/inauguraron-la-remodelacion-integral-del-hogar-madre-teresa-de-calcuta\/","title":{"rendered":"Inauguraron la remodelaci\u00f3n integral del Hogar Madre Teresa de Calcuta"},"content":{"rendered":"<p>\u201cUna ampliaci\u00f3n significativa de cobertura y extensi\u00f3n, para mejorar la capacidad de albergar a familiares y pacientes de largo tratamiento del Hospital Perrando y del Hospital Pedi\u00e1trico\u201d, destac\u00f3 Capitanich.<\/p>\n<p>\u201cUna ampliaci\u00f3n significativa de cobertura y extensi\u00f3n, para mejorar la capacidad de albergar a familiares y pacientes de largo tratamiento del Hospital Perrando y del Hospital Pedi\u00e1trico\u201d, destac\u00f3 Capitanich.<\/p>\n<p> A su vez, explic\u00f3 el gobernador, \u201ctiene una cobertura integral desde el punto de vista de una instituci\u00f3n sin fines de lucro para la atenci\u00f3n de las cuestiones que requiera el hogar\u201d. \u201cSobre todo existe un mecanismo con desayuno, almuerzo, merienda y cena con el material necesario de cama, ropa y reciben m\u00faltiples donaciones para atender a las familias que lo necesitan\u201d, detall\u00f3.<\/p>\n<p>\u201cEn la provincia del Chaco, el Ministerio de Desarrollo Social tiene alrededor de 125 dispositivos de distintas caracter\u00edsticas que albergan desde beb\u00e9s de 45 d\u00edas a adultos mayores de m\u00e1s de 90\u201d, destac\u00f3 Capitanich y manifest\u00f3 que se trata de \u201cun programa de pol\u00edticas p\u00fablicas que atiende el derecho a alimentaci\u00f3n como as\u00ed tambi\u00e9n el derecho a la cobertura de demandas sociales de distintas caracter\u00edsticas\u201d.<\/p>\n<p> \u201cTenemos una capacidad que es variable, con una gran inversi\u00f3n en infraestructura\u201d. enfatiz\u00f3 el mandatario. \u201cCreemos que es muy importante el hecho de estar aqu\u00ed, con un esquema de continuidad de pol\u00edticas p\u00fablicas\u201d, concluy\u00f3.<\/p>\n","protected":false},"excerpt":{"rendered":"<p>\u201cUna ampliaci\u00f3n significativa de cobertura y extensi\u00f3n, para mejorar la capacidad de albergar a familiares y pacientes de largo tratamiento del Hospital Perrando y del Hospital Pedi\u00e1trico\u201d, destac\u00f3 Capitanich. \u201cUna ampliaci\u00f3n significativa de cobertura y extensi\u00f3n, para mejorar la capacidad de albergar a familiares y pacientes de largo tratamiento del Hospital Perrando y del Hospital [&hellip;]<\/p>\n","protected":false},"author":1,"featured_media":24324,"comment_status":"closed","ping_status":"closed","sticky":false,"template":"","format":"standard","meta":{"footnotes":""},"categories":[6],"tags":[],"class_list":{"0":"post-24323","1":"post","2":"type-post","3":"status-publish","4":"format-standard","5":"has-post-thumbnail","7":"category-chaco"},"_links":{"self":[{"href":"https:\/\/chacosintesis.com.ar\/index.php\/wp-json\/wp\/v2\/posts\/24323","targetHints":{"allow":["GET"]}}],"collection":[{"href":"https:\/\/chacosintesis.com.ar\/index.php\/wp-json\/wp\/v2\/posts"}],"about":[{"href":"https:\/\/chacosintesis.com.ar\/index.php\/wp-json\/wp\/v2\/types\/post"}],"author":[{"embeddable":true,"href":"https:\/\/chacosintesis.com.ar\/index.php\/wp-json\/wp\/v2\/users\/1"}],"replies":[{"embeddable":true,"href":"https:\/\/chacosintesis.com.ar\/index.php\/wp-json\/wp\/v2\/comments?post=24323"}],"version-history":[{"count":0,"href":"https:\/\/chacosintesis.com.ar\/index.php\/wp-json\/wp\/v2\/posts\/24323\/revisions"}],"wp:featuredmedia":[{"embeddable":true,"href":"https:\/\/chacosintesis.com.ar\/index.php\/wp-json\/wp\/v2\/media\/24324"}],"wp:attachment":[{"href":"https:\/\/chacosintesis.com.ar\/index.php\/wp-json\/wp\/v2\/media?parent=24323"}],"wp:term":[{"taxonomy":"category","embeddable":true,"href":"https:\/\/chacosintesis.com.ar\/index.php\/wp-json\/wp\/v2\/categories?post=24323"},{"taxonomy":"post_tag","embeddable":true,"href":"https:\/\/chacosintesis.com.ar\/index.php\/wp-json\/wp\/v2\/tags?post=24323"}],"curies":[{"name":"wp","href":"https:\/\/api.w.org\/{rel}","templated":true}]}}