{"id":24319,"date":"2023-07-25T09:03:45","date_gmt":"2023-07-25T12:03:45","guid":{"rendered":"https:\/\/chacosintesis.com.ar\/?p=24319"},"modified":"2023-07-25T09:06:45","modified_gmt":"2023-07-25T12:06:45","slug":"saenz-pena-capturan-a-acusados-de-atacar-a-golpes-a-deportista-correntino","status":"publish","type":"post","link":"https:\/\/chacosintesis.com.ar\/index.php\/saenz-pena-capturan-a-acusados-de-atacar-a-golpes-a-deportista-correntino\/","title":{"rendered":"S\u00e1enz Pe\u00f1a: capturan a acusados de atacar a golpes a deportista correntino"},"content":{"rendered":"<p>El brutal hecho sucedi\u00f3 en horas de la tarde de este lunes en el barrio Belgrano. Los delincuentes golpearon salvajemente en la cabeza a un correntino de 29 a\u00f1os para robarle la zapatilla y el celular. La polic\u00eda pudo detener a dos de ellos en el barrio San Cayetano, uno es menor.<br \/>\n Momentos de tensi\u00f3n se vivieron en la ciudad de S\u00e1enz Pe\u00f1a cuando un correntino de 29 a\u00f1os fue brutalmente asaltado por dos delincuentes para robarle la zapatilla y su celular.<\/p>\n<p>Seg\u00fan el informe policial al cual accedi\u00f3 Diario22.ar, el hecho ocurri\u00f3 en el barrio Belgrano. El hombre fue atacado salvajemente por varios delincuentes, en principio cuatro, que lo golpearon en la cabeza reiteradas veces.<\/p>\n<p>Mediante el an\u00e1lisis de las im\u00e1genes de las c\u00e1maras de seguridad, efectivos policiales realizaron una operativo cerrojo en d\u00f3nde arribaron al barrio San Cayetano para detener a los ladrones.<\/p>\n<p>Finalmente, los efectivos lograron la demora a dos de los delincuentes, uno de ellos menor de edad con 14 a\u00f1os.<\/p>\n<p>Diario22.ar<\/p>\n","protected":false},"excerpt":{"rendered":"<p>El brutal hecho sucedi\u00f3 en horas de la tarde de este lunes en el barrio Belgrano. Los delincuentes golpearon salvajemente en la cabeza a un correntino de 29 a\u00f1os para robarle la zapatilla y el celular. La polic\u00eda pudo detener a dos de ellos en el barrio San Cayetano, uno es menor. Momentos de tensi\u00f3n [&hellip;]<\/p>\n","protected":false},"author":1,"featured_media":24320,"comment_status":"closed","ping_status":"closed","sticky":false,"template":"","format":"standard","meta":{"footnotes":""},"categories":[6],"tags":[197],"class_list":{"0":"post-24319","1":"post","2":"type-post","3":"status-publish","4":"format-standard","5":"has-post-thumbnail","7":"category-chaco","8":"tag-destacada"},"_links":{"self":[{"href":"https:\/\/chacosintesis.com.ar\/index.php\/wp-json\/wp\/v2\/posts\/24319","targetHints":{"allow":["GET"]}}],"collection":[{"href":"https:\/\/chacosintesis.com.ar\/index.php\/wp-json\/wp\/v2\/posts"}],"about":[{"href":"https:\/\/chacosintesis.com.ar\/index.php\/wp-json\/wp\/v2\/types\/post"}],"author":[{"embeddable":true,"href":"https:\/\/chacosintesis.com.ar\/index.php\/wp-json\/wp\/v2\/users\/1"}],"replies":[{"embeddable":true,"href":"https:\/\/chacosintesis.com.ar\/index.php\/wp-json\/wp\/v2\/comments?post=24319"}],"version-history":[{"count":0,"href":"https:\/\/chacosintesis.com.ar\/index.php\/wp-json\/wp\/v2\/posts\/24319\/revisions"}],"wp:featuredmedia":[{"embeddable":true,"href":"https:\/\/chacosintesis.com.ar\/index.php\/wp-json\/wp\/v2\/media\/24320"}],"wp:attachment":[{"href":"https:\/\/chacosintesis.com.ar\/index.php\/wp-json\/wp\/v2\/media?parent=24319"}],"wp:term":[{"taxonomy":"category","embeddable":true,"href":"https:\/\/chacosintesis.com.ar\/index.php\/wp-json\/wp\/v2\/categories?post=24319"},{"taxonomy":"post_tag","embeddable":true,"href":"https:\/\/chacosintesis.com.ar\/index.php\/wp-json\/wp\/v2\/tags?post=24319"}],"curies":[{"name":"wp","href":"https:\/\/api.w.org\/{rel}","templated":true}]}}