{"id":24313,"date":"2023-07-24T23:19:52","date_gmt":"2023-07-25T02:19:52","guid":{"rendered":"https:\/\/chacosintesis.com.ar\/?p=24313"},"modified":"2023-07-24T23:37:38","modified_gmt":"2023-07-25T02:37:38","slug":"en-resistencia-comenzaron-las-jornadas-del-programa-mirarnos-con-la-entrega-de-100-anteojos-de-receta","status":"publish","type":"post","link":"https:\/\/chacosintesis.com.ar\/index.php\/en-resistencia-comenzaron-las-jornadas-del-programa-mirarnos-con-la-entrega-de-100-anteojos-de-receta\/","title":{"rendered":"En Resistencia comenzaron las jornadas del programa Mirarnos con la entrega de 100 anteojos de receta"},"content":{"rendered":"<p>La iniciativa incluye controles oftalmol\u00f3gicos y entrega gratuita de anteojos en el d\u00eda. Los operativos, coordinados entre Naci\u00f3n y Provincia, se extender\u00e1n hasta el 11 de agosto en distintos puntos de Resistencia, Barranqueras y Fontana.<br \/>\nEl gobernador Jorge Capitanich particip\u00f3 este lunes de la entrega de 100 anteojos de receta como parte del programa Mirarnos, coordinado entre el Gobierno nacional y el Gobierno del Chaco. Se trat\u00f3 de la primera de 17 jornadas que tendr\u00e1n lugar en las localidades de Resistencia, Barranqueras y Fontana hasta el 11 de agosto.<br \/>\n\u201cEsta entrega permite garantizar el derecho a la salud de ni\u00f1as, ni\u00f1os, adolescentes, adultos y adultos mayores con una atenci\u00f3n oftalmol\u00f3gica de calidad\u201d, expres\u00f3 el mandatario.<br \/>\nLa iniciativa se llevar\u00e1 adelante en 15 barrios a trav\u00e9s de un despliegue territorial que se complementa con el programa de salud bucal de la provincia. \u201cEsto nos permite brindar dos servicios convocando a las familias para proveerles una soluci\u00f3n concreta\u201d, ampli\u00f3 Capitanich. El objetivo es superar los 1.000 anteojos entregados, \u201cmejorando la salud \u00f3ptica de m\u00e1s chaque\u00f1os y chaque\u00f1as\u201d, subray\u00f3 el mandatario.<br \/>\nPara el desarrollo del programa \u201cMirarnos\u201d, los m\u00f3viles de la Secretar\u00eda de Abordaje Integral de la Naci\u00f3n cuentan con equipamiento oftalmol\u00f3gico para que trabajen los profesionales y un taller especializado para producir en el momento los anteojos recetados. La iniciativa es coordinada entre el Ministerio de Desarrollo Social de la provincia y las carteras nacionales de Educaci\u00f3n, Salud y Desarrollo Social.<br \/>\nEn ese contexto, Capitanich agradeci\u00f3 especialmente la gesti\u00f3n de la ministra de Desarrollo Social de Naci\u00f3n, Victoria Tolosa Paz, a trav\u00e9s de la Secretar\u00eda de Abordaje Integral que coordina el programa.<br \/>\nEn cada intervenci\u00f3n se realizar\u00e1n hasta 100 anteojos diarios, que se entregar\u00e1n el mismo d\u00eda despu\u00e9s de las 16:30. Desde la organizaci\u00f3n aclararon que ni\u00f1os y ni\u00f1as en edad escolar tienen prioridad para los ex\u00e1menes de salud visual, generando un impacto favorable a la econom\u00eda familiar, con un ahorro directo a la hora de obtener un primer anteojo de receta o renovarlo de manera completamente gratuita.<br \/>\nLa llegada del programa se encuadra en el Plan Integral de Salud presentado d\u00edas atr\u00e1s y con una fuerte impronta de abordaje territorial y comunitario. En ese sentido, Capitanich record\u00f3 las pol\u00edticas sanitarias definidas desde el Estado provincial: \u201cla inversi\u00f3n que hacemos en salud p\u00fablica va a llegar este a\u00f1o a cerca de 100.000 millones de pesos. Eso significa tener una red de casi 52 hospitales, con 474 efectores sanitarios directos y provisi\u00f3n de insumos y medicamentos para una mejor atenci\u00f3n\u201d.<\/p>\n<p>Un programa federal y con mirada inclusiva<br \/>\nLa ministra Chiacchio Cavana destac\u00f3 la importancia del programa, que visita la provincia por segunda vez. \u201cVenimos a los barrios donde m\u00e1s se necesita, donde esto genera una ayuda enorme para las familias que tienen que comprar o renovar sus anteojos\u201d, enfatiz\u00f3 la ministra, aclarando que el programa \u201ces tanto para ni\u00f1os, como para j\u00f3venes, o personas mayores\u201d.<br \/>\nEn cada punto del operativo Mirarnos se realizar\u00e1n controles junto al Ministerio de Salud P\u00fablica entre los que se incluyen la colocaci\u00f3n de vacunas tanto de Covid-19 como de calendario. \u201cEsto es muy importante, porque promovemos un derecho fundamental: la salud, y con \u00e9nfasis en la protecci\u00f3n de ni\u00f1os, ni\u00f1as y adolescentes. En cada operativo se promueve el derecho al juego, se previene sobre consumo problem\u00e1tico de sustancias y sobre situaciones de riesgo a las cuales est\u00e1 expuesta la poblaci\u00f3n\u201d, puntualiz\u00f3 la titular de la cartera social.<br \/>\nEn esta oportunidad Mirarnos se complement\u00f3 con el operativo Punto de Todxs, que brinda acceso a m\u00faltiples gestiones. El programa Federal se replica en la provincia tras su comienzo en Santiago del Estero, en abril; pasando tambi\u00e9n por Catamarca, La Rioja, Tucum\u00e1n y Salta; se replic\u00f3 tambi\u00e9n, durante 2022 en escuelas rurales y puntos alejados de los centros urbanos.<\/p>\n<p>Pr\u00f3ximas paradas<br \/>\nTodos los operativos de \u201cMirarnos\u201d se desarrollar\u00e1n de 10 a 17. Este martes 25 ser\u00e1 el turno del Barrio 150 Viviendas Municipal de Resistencia, en la Plazoleta ubicada sobre calle Alice Le Saige 1300. La jornada coincidir\u00e1 con el operativo provincial \u201cPunto de Todos\u201d, que acerca los organismos del Estado a vecinos y vecinas. All\u00ed se podr\u00e1n realizar, entre otros, tr\u00e1mites o consultas con Anses, Secheep y Sameep, documentaci\u00f3n, y vacunaci\u00f3n.<br \/>\nEl programa Mirarnos continuar\u00e1 el mi\u00e9rcoles, en el Club Central Norte, en Avenida Las Heras 870, mientras que el jueves ser\u00e1 en el Club Canallas del Sur, en Avenida Edison y calle 29; el viernes 28, en la Escuela N\u00b0 319 \u201cJuan Manuel Rossi\u201d, en calle Arist\u00f3bulo del Valle 195; el s\u00e1bado, la cita es en el Club UPCP, en Fort\u00edn Tapenag\u00e1 2201; y el lunes 31, en el Club Regional de Resistencia, ubicado en Fort\u00edn Aguilar 1.001.<br \/>\nEn tanto que las paradas de agosto ser\u00e1n: el martes 1, en Plazoleta barrial de Caracas y Avenida Alberdi; el mi\u00e9rcoles 2, en el Centro de Salud del Barrio 17 de Julio; el jueves 3, en el Centro de Salud  de Villa Barber\u00e1n (Isla del Cerrito 2.600); el viernes 4, en el Club Atl\u00e9tico Sarmiento (Avenida Alvear 1950); s\u00e1bado 5, en Radio Nacional (Sarmiento 1.202); el lunes 7, en el Parque lineal de Villa R\u00edo Negro; el martes 8, en el Polideportivo Gran Toba; el mi\u00e9rcoles 9, en la Escuela 1056 del barrio Don Santiago; el jueves 10, en la Escuela T\u00e9cnica N\u00b0 2 de Barranqueras; y el viernes 11, en el Sal\u00f3n Tepeyac (Moreno 4.549), de Fontana.<\/p>\n","protected":false},"excerpt":{"rendered":"<p>La iniciativa incluye controles oftalmol\u00f3gicos y entrega gratuita de anteojos en el d\u00eda. Los operativos, coordinados entre Naci\u00f3n y Provincia, se extender\u00e1n hasta el 11 de agosto en distintos puntos de Resistencia, Barranqueras y Fontana. El gobernador Jorge Capitanich particip\u00f3 este lunes de la entrega de 100 anteojos de receta como parte del programa Mirarnos, [&hellip;]<\/p>\n","protected":false},"author":1,"featured_media":24314,"comment_status":"closed","ping_status":"closed","sticky":false,"template":"","format":"standard","meta":{"footnotes":""},"categories":[6],"tags":[],"class_list":{"0":"post-24313","1":"post","2":"type-post","3":"status-publish","4":"format-standard","5":"has-post-thumbnail","7":"category-chaco"},"_links":{"self":[{"href":"https:\/\/chacosintesis.com.ar\/index.php\/wp-json\/wp\/v2\/posts\/24313","targetHints":{"allow":["GET"]}}],"collection":[{"href":"https:\/\/chacosintesis.com.ar\/index.php\/wp-json\/wp\/v2\/posts"}],"about":[{"href":"https:\/\/chacosintesis.com.ar\/index.php\/wp-json\/wp\/v2\/types\/post"}],"author":[{"embeddable":true,"href":"https:\/\/chacosintesis.com.ar\/index.php\/wp-json\/wp\/v2\/users\/1"}],"replies":[{"embeddable":true,"href":"https:\/\/chacosintesis.com.ar\/index.php\/wp-json\/wp\/v2\/comments?post=24313"}],"version-history":[{"count":0,"href":"https:\/\/chacosintesis.com.ar\/index.php\/wp-json\/wp\/v2\/posts\/24313\/revisions"}],"wp:featuredmedia":[{"embeddable":true,"href":"https:\/\/chacosintesis.com.ar\/index.php\/wp-json\/wp\/v2\/media\/24314"}],"wp:attachment":[{"href":"https:\/\/chacosintesis.com.ar\/index.php\/wp-json\/wp\/v2\/media?parent=24313"}],"wp:term":[{"taxonomy":"category","embeddable":true,"href":"https:\/\/chacosintesis.com.ar\/index.php\/wp-json\/wp\/v2\/categories?post=24313"},{"taxonomy":"post_tag","embeddable":true,"href":"https:\/\/chacosintesis.com.ar\/index.php\/wp-json\/wp\/v2\/tags?post=24313"}],"curies":[{"name":"wp","href":"https:\/\/api.w.org\/{rel}","templated":true}]}}