{"id":24311,"date":"2023-07-24T23:16:51","date_gmt":"2023-07-25T02:16:51","guid":{"rendered":"https:\/\/chacosintesis.com.ar\/?p=24311"},"modified":"2023-07-24T23:37:37","modified_gmt":"2023-07-25T02:37:37","slug":"clubes-de-pesca-y-pescadores-definieron-con-capitanich-obras-y-politicas-prioritarias","status":"publish","type":"post","link":"https:\/\/chacosintesis.com.ar\/index.php\/clubes-de-pesca-y-pescadores-definieron-con-capitanich-obras-y-politicas-prioritarias\/","title":{"rendered":"Clubes de pesca y pescadores definieron con Capitanich obras y pol\u00edticas prioritarias"},"content":{"rendered":"<p>Avanzaron en una agenda de mejoras para el sector, conformado por cerca de 45 mil personas. Adem\u00e1s, definieron prioridades, acompa\u00f1amiento estatal e impulso al turismo receptivo de cara a la Fiesta del Dorado.<br \/>\nEl gobernador Jorge Capitanich se reuni\u00f3 este lunes con pescadores y representantes de instituciones afines para avanzar en la organizaci\u00f3n en conjunto de la pr\u00f3xima Fiesta del Dorado en Isla del Cerrito, as\u00ed como tambi\u00e9n analizar mejoras en la infraestructura de los clubes y beneficios para el sector. \u201cLa pesca es una fuente de generaci\u00f3n de ingresos muy significativa para muchos chaque\u00f1os y chaque\u00f1as\u201d, afirm\u00f3 el mandatario.<br \/>\nLa reuni\u00f3n, que se realiz\u00f3 en la Federaci\u00f3n de Pesca y Lanzamiento, tuvo como eje la definici\u00f3n de fechas estimativa para la celebraci\u00f3n de la pr\u00f3xima Fiesta del Dorado, as\u00ed como tambi\u00e9n de otros eventos importantes en torno a esta actividad. Dicha asamblea cont\u00f3 con representantes de la Federaci\u00f3n Chaque\u00f1a de Pesca, el Club N\u00e1utico Barranqueras, la Mutual de la Fuerza A\u00e9rea, la Brigada Operativa Ambiental y el Club Yap\u00fa Guaz\u00fa, entre otros.<br \/>\nAl respecto, Capitanich manifest\u00f3 que \u201ceste tema no es menor, porque es muy importante el nivel de embarcaciones que van a participar en la Fiesta del Dorado. Debemos tener en cuenta el impacto que tiene la movilizaci\u00f3n de personas comprometidas con la pesca y su turismo, para contar con buenos preparativos\u201d. El evento est\u00e1 contemplado para los primeros d\u00edas de septiembre.<br \/>\nSe estima que el colectivo de pescadores del Chaco lo conforman alrededor de 45 mil personas, quienes sistem\u00e1ticamente se dedican a la pesca profesional y deportiva, con aproximadamente 15 mil embarcaciones. En ese sentido, se impulsa la creaci\u00f3n de un registro para contar con mejores datos del sector y as\u00ed poder definir diversas pol\u00edticas p\u00fablicas considerando cada situaci\u00f3n.<br \/>\nA su vez, la reuni\u00f3n tambi\u00e9n gir\u00f3 en torno a definir pr\u00f3ximas gestiones con el sector, sobre todo en optimizar las capacidades de las instituciones dedicadas a la pesca con miras a recibir los pr\u00f3ximos eventos. \u201cApuntamos a fortalecer la capacidad de infraestructura de los clubes, que permitan generar las condiciones para abastecer la demanda de turismo receptivo\u201d, indic\u00f3 el gobernador.<br \/>\nPor su parte, el presidente de la Federaci\u00f3n Chaque\u00f1a de Pesca, Daniel Quinteros, agradeci\u00f3 la convocatoria y sostuvo: \u201crealmente estamos muy contentos con la atenci\u00f3n del gobernador en base a la fiesta, pero tambi\u00e9n en propuestas que clubes y barras de pesca le acercaron. En lo que lleva de vida esta instituci\u00f3n, muy pocas veces se acerc\u00f3 una figura tan importante, para conseguir impulsar sobre todo la pesca deportiva y el cuidado del recurso\u201d.<\/p>\n","protected":false},"excerpt":{"rendered":"<p>Avanzaron en una agenda de mejoras para el sector, conformado por cerca de 45 mil personas. Adem\u00e1s, definieron prioridades, acompa\u00f1amiento estatal e impulso al turismo receptivo de cara a la Fiesta del Dorado. El gobernador Jorge Capitanich se reuni\u00f3 este lunes con pescadores y representantes de instituciones afines para avanzar en la organizaci\u00f3n en conjunto [&hellip;]<\/p>\n","protected":false},"author":1,"featured_media":24312,"comment_status":"closed","ping_status":"closed","sticky":false,"template":"","format":"standard","meta":{"footnotes":""},"categories":[6],"tags":[],"class_list":{"0":"post-24311","1":"post","2":"type-post","3":"status-publish","4":"format-standard","5":"has-post-thumbnail","7":"category-chaco"},"_links":{"self":[{"href":"https:\/\/chacosintesis.com.ar\/index.php\/wp-json\/wp\/v2\/posts\/24311","targetHints":{"allow":["GET"]}}],"collection":[{"href":"https:\/\/chacosintesis.com.ar\/index.php\/wp-json\/wp\/v2\/posts"}],"about":[{"href":"https:\/\/chacosintesis.com.ar\/index.php\/wp-json\/wp\/v2\/types\/post"}],"author":[{"embeddable":true,"href":"https:\/\/chacosintesis.com.ar\/index.php\/wp-json\/wp\/v2\/users\/1"}],"replies":[{"embeddable":true,"href":"https:\/\/chacosintesis.com.ar\/index.php\/wp-json\/wp\/v2\/comments?post=24311"}],"version-history":[{"count":0,"href":"https:\/\/chacosintesis.com.ar\/index.php\/wp-json\/wp\/v2\/posts\/24311\/revisions"}],"wp:featuredmedia":[{"embeddable":true,"href":"https:\/\/chacosintesis.com.ar\/index.php\/wp-json\/wp\/v2\/media\/24312"}],"wp:attachment":[{"href":"https:\/\/chacosintesis.com.ar\/index.php\/wp-json\/wp\/v2\/media?parent=24311"}],"wp:term":[{"taxonomy":"category","embeddable":true,"href":"https:\/\/chacosintesis.com.ar\/index.php\/wp-json\/wp\/v2\/categories?post=24311"},{"taxonomy":"post_tag","embeddable":true,"href":"https:\/\/chacosintesis.com.ar\/index.php\/wp-json\/wp\/v2\/tags?post=24311"}],"curies":[{"name":"wp","href":"https:\/\/api.w.org\/{rel}","templated":true}]}}