{"id":24305,"date":"2023-07-24T19:58:13","date_gmt":"2023-07-24T22:58:13","guid":{"rendered":"https:\/\/chacosintesis.com.ar\/?p=24305"},"modified":"2023-07-24T20:06:56","modified_gmt":"2023-07-24T23:06:56","slug":"el-gobierno-refacciona-establecimientos-escolares-historicos-en-barranqueras","status":"publish","type":"post","link":"https:\/\/chacosintesis.com.ar\/index.php\/el-gobierno-refacciona-establecimientos-escolares-historicos-en-barranqueras\/","title":{"rendered":"El Gobierno refacciona establecimientos escolares hist\u00f3ricos en Barranqueras"},"content":{"rendered":"<p>Las obras son ejecutadas a trav\u00e9s del Ministerio de Planificaci\u00f3n, Econom\u00eda e Infraestructura. Tambi\u00e9n se construye una nueva biblioteca popular. \u201cEstamos utilizando todos los recursos necesarios para que la educaci\u00f3n sea cada vez de mayor calidad en Chaco\u201d, asegur\u00f3 el titular de la cartera, Santiago Perez Pons.<br \/>\nEl ministro de Planificacion, Economia e Infraestructura, Santiago Perez Pons, recorri\u00f3 las obras que se ejecutan en establecimientos educativos de Barranqueras, puntualmente en el edificio donde funcionan la E.E.S N\u00b015 \u201cJos\u00e9 Hern\u00e1ndez\u201d y la E.E.S N\u00b072 &#8220;Almirante Brown&#8221;, en la E.E.P N\u00b0 43 \u201cJuan Sanchis\u201d; y la construcci\u00f3n de la Biblioteca Mariano Moreno.<br \/>\n&#8220;Junto a la intendenta Magda Ayala revisamos los avances de las obras, controlando que se den en tiempo y forma para cumplir con el compromiso que asumimos con la comunidad de Barranqueras\u201d, expres\u00f3 el jefe de la cartera econ\u00f3mica y de infraestructura provincial.<br \/>\nEn la oportunidad, el ministro hizo hincapi\u00e9 en el compromiso asumido de poner a la educaci\u00f3n chaque\u00f1a \u201cen el m\u00e1ximo nivel\u201d. Adem\u00e1s de las intervenciones en infraestructura escolar, destac\u00f3 el compromiso de \u201cmejorar el refrigerio de los ni\u00f1os y ni\u00f1as que asisten a las escuelas de toda la provincia\u201d, dijo y record\u00f3 el cumplimiento del pago de la cl\u00e1usula gatillo a los docentes, la entrega de libros y computadoras. \u201cSe trata de la inversi\u00f3n m\u00e1s grande que tuvo la provincia en t\u00e9rminos educativos\u201d, asegur\u00f3.<br \/>\nMejorar las escuelas<br \/>\nEn un primer momento visitaron el edificio donde funcionan las escuelas secundarias N\u00b015 y N\u00b072, a la que asisten un total de 1500 alumnas y alumnos. Con una inversi\u00f3n de m\u00e1s de 88 millones de pesos, se lleva adelante la reforma integral de las instalaciones. Actualmente presenta un 80% de avance y se prev\u00e9 la inauguraci\u00f3n para la primera quincena de agosto.<br \/>\nLas refacciones incluyen reparaci\u00f3n de sanitarios y sistema de ca\u00f1er\u00edas, reacondicionamiento de aulas, biblioteca, sector de cocinas y sala de guarder\u00edas, adem\u00e1s de pintura en todo el edificio y refacci\u00f3n de instalaciones el\u00e9ctricas.\u201cEl objetivo es renovar todas las instalaciones y realizar una reestructuraci\u00f3n completa de todo el edificio, es una obra de gran magnitud que va a beneficiar a toda la comunidad educativa\u201d, expres\u00f3 Christian Infel, de la empresa Mart\u00ednez Construcciones, adjudicataria de la obra.<br \/>\nEn segundo lugar, las autoridades visitaron la E.E.P N\u00b0 43 \u201cJuan B. Sanchis\u201d, donde verificaron el avance de las obras de remodelaci\u00f3n y refacci\u00f3n ejecutadas por el Ministerio de Planificaci\u00f3n, Econom\u00eda e Infraestructura con una inversi\u00f3n de 135 millones de pesos. \u201cEstamos contentos por los arreglos que se est\u00e1n haciendo en la escuela, esto va a ser otro predio para la ense\u00f1anza, un ambiente mejorado para los chicos\u201d, destac\u00f3 Maria Esther Ledesma ,trabajadora no docente de la instituci\u00f3n.<br \/>\nPor \u00faltimo, recorrieron la obra de la biblioteca popular \u201cMariano Moreno\u201d, que tendr\u00e1 un edificio nuevo tras el incendio que afect\u00f3 sus antiguas instalaciones . Se trata de un proyecto integral que incluir\u00e1 oficinas, un sector de archivos, una sala para conferencias y charlas y sanitarios, con una inversi\u00f3n superior a los 164 millones de pesos.<br \/>\nEn este momento, la construcci\u00f3n emplea a 15 trabajadores entre alba\u00f1iles, arquitectos y encargados.\u201cSomos un grupo de trabajadores de Barranqueras, Resistencia y S\u00e1enz Pe\u00f1a, estamos muy emocionados de poder participar de esta obra que va a servir mucho para la comunidad\u201d, manifest\u00f3 Agustina Paz, encargada de la obra.<\/p>\n<p>M\u00e1s empleo genuino<br \/>\nDe esta manera, el Gobierno provincial genera puestos de trabajo genuinos para m\u00e1s de 55 trabajadores de la construcci\u00f3n entre los tres proyectos antes mencionados, sumado a los m\u00e1s de 20.000 empleos para este sector creados durante esta gesti\u00f3n.<br \/>\n\u201cEs muy importante para nosotros que nos hayan dado la posibilidad de estar al frente de una obra tan emblem\u00e1tica para Barranqueras, estamos agradecidos de trabajar para mejorar la educaci\u00f3n de nuestra ciudad\u201d, manifest\u00f3 Walter Lemchjk, parte de la cooperativa de trabajo la portuaria limitada.<\/p>\n","protected":false},"excerpt":{"rendered":"<p>Las obras son ejecutadas a trav\u00e9s del Ministerio de Planificaci\u00f3n, Econom\u00eda e Infraestructura. Tambi\u00e9n se construye una nueva biblioteca popular. \u201cEstamos utilizando todos los recursos necesarios para que la educaci\u00f3n sea cada vez de mayor calidad en Chaco\u201d, asegur\u00f3 el titular de la cartera, Santiago Perez Pons. El ministro de Planificacion, Economia e Infraestructura, Santiago [&hellip;]<\/p>\n","protected":false},"author":1,"featured_media":24306,"comment_status":"closed","ping_status":"closed","sticky":false,"template":"","format":"standard","meta":{"footnotes":""},"categories":[6],"tags":[],"class_list":{"0":"post-24305","1":"post","2":"type-post","3":"status-publish","4":"format-standard","5":"has-post-thumbnail","7":"category-chaco"},"_links":{"self":[{"href":"https:\/\/chacosintesis.com.ar\/index.php\/wp-json\/wp\/v2\/posts\/24305","targetHints":{"allow":["GET"]}}],"collection":[{"href":"https:\/\/chacosintesis.com.ar\/index.php\/wp-json\/wp\/v2\/posts"}],"about":[{"href":"https:\/\/chacosintesis.com.ar\/index.php\/wp-json\/wp\/v2\/types\/post"}],"author":[{"embeddable":true,"href":"https:\/\/chacosintesis.com.ar\/index.php\/wp-json\/wp\/v2\/users\/1"}],"replies":[{"embeddable":true,"href":"https:\/\/chacosintesis.com.ar\/index.php\/wp-json\/wp\/v2\/comments?post=24305"}],"version-history":[{"count":0,"href":"https:\/\/chacosintesis.com.ar\/index.php\/wp-json\/wp\/v2\/posts\/24305\/revisions"}],"wp:featuredmedia":[{"embeddable":true,"href":"https:\/\/chacosintesis.com.ar\/index.php\/wp-json\/wp\/v2\/media\/24306"}],"wp:attachment":[{"href":"https:\/\/chacosintesis.com.ar\/index.php\/wp-json\/wp\/v2\/media?parent=24305"}],"wp:term":[{"taxonomy":"category","embeddable":true,"href":"https:\/\/chacosintesis.com.ar\/index.php\/wp-json\/wp\/v2\/categories?post=24305"},{"taxonomy":"post_tag","embeddable":true,"href":"https:\/\/chacosintesis.com.ar\/index.php\/wp-json\/wp\/v2\/tags?post=24305"}],"curies":[{"name":"wp","href":"https:\/\/api.w.org\/{rel}","templated":true}]}}