{"id":24299,"date":"2023-07-24T19:14:44","date_gmt":"2023-07-24T22:14:44","guid":{"rendered":"https:\/\/chacosintesis.com.ar\/?p=24299"},"modified":"2023-07-24T19:40:02","modified_gmt":"2023-07-24T22:40:02","slug":"incorporacion-de-agentes-a-la-policia-del-chaco-reprogramaron-la-junta-medica","status":"publish","type":"post","link":"https:\/\/chacosintesis.com.ar\/index.php\/incorporacion-de-agentes-a-la-policia-del-chaco-reprogramaron-la-junta-medica\/","title":{"rendered":"Incorporaci\u00f3n de agentes a la Polic\u00eda del Chaco: reprogramaron la Junta M\u00e9dica"},"content":{"rendered":"<p>Se trata del Plan de Incorporaci\u00f3n al 39\u00b0 Curso de Formaci\u00f3n para Agentes de Polic\u00eda.<br \/>\nEl Instituto Superior de Seguridad P\u00fablica del Chaco inform\u00f3 que la Junta M\u00e9dica para la incorporaci\u00f3n de agentes de polic\u00eda fue reprogramada. Se trata del Plan de Incorporaci\u00f3n al 39\u00b0 Curso de Formaci\u00f3n para Agentes de Polic\u00eda.<br \/>\n\u201cSe informa que la Junta M\u00e9dica de la zona Gran Resistencia, originalmente programada del 24 al 28 de julio, ha sido reprogramada debido a que algunos aspirantes no tienen completos sus ex\u00e1menes m\u00e9dicos requeridos. La nueva fecha de la Junta M\u00e9dica se pospone para la semana del 7 al 11 de agosto\u201d, indicaron.<br \/>\nAdem\u00e1s, se\u00f1alaron que los d\u00edas y horarios en los que debes presentarte ser\u00e1n informados oportunamente.<br \/>\nEn tanto, insistieron en que por cuestiones organizativas el listado no implica orden de m\u00e9rito alguno. \u201cSi a\u00fan le falta culminar sus ex\u00e1menes m\u00e9dicos, concurra igualmente a la cita establecida y la Junta M\u00e9dica indicar\u00e1 los tr\u00e1mites que continuar\u00e1n\u201d, cerraron desde el ISSP Chaco.<\/p>\n","protected":false},"excerpt":{"rendered":"<p>Se trata del Plan de Incorporaci\u00f3n al 39\u00b0 Curso de Formaci\u00f3n para Agentes de Polic\u00eda. El Instituto Superior de Seguridad P\u00fablica del Chaco inform\u00f3 que la Junta M\u00e9dica para la incorporaci\u00f3n de agentes de polic\u00eda fue reprogramada. Se trata del Plan de Incorporaci\u00f3n al 39\u00b0 Curso de Formaci\u00f3n para Agentes de Polic\u00eda. \u201cSe informa que [&hellip;]<\/p>\n","protected":false},"author":1,"featured_media":24300,"comment_status":"closed","ping_status":"closed","sticky":false,"template":"","format":"standard","meta":{"footnotes":""},"categories":[6],"tags":[],"class_list":{"0":"post-24299","1":"post","2":"type-post","3":"status-publish","4":"format-standard","5":"has-post-thumbnail","7":"category-chaco"},"_links":{"self":[{"href":"https:\/\/chacosintesis.com.ar\/index.php\/wp-json\/wp\/v2\/posts\/24299","targetHints":{"allow":["GET"]}}],"collection":[{"href":"https:\/\/chacosintesis.com.ar\/index.php\/wp-json\/wp\/v2\/posts"}],"about":[{"href":"https:\/\/chacosintesis.com.ar\/index.php\/wp-json\/wp\/v2\/types\/post"}],"author":[{"embeddable":true,"href":"https:\/\/chacosintesis.com.ar\/index.php\/wp-json\/wp\/v2\/users\/1"}],"replies":[{"embeddable":true,"href":"https:\/\/chacosintesis.com.ar\/index.php\/wp-json\/wp\/v2\/comments?post=24299"}],"version-history":[{"count":0,"href":"https:\/\/chacosintesis.com.ar\/index.php\/wp-json\/wp\/v2\/posts\/24299\/revisions"}],"wp:featuredmedia":[{"embeddable":true,"href":"https:\/\/chacosintesis.com.ar\/index.php\/wp-json\/wp\/v2\/media\/24300"}],"wp:attachment":[{"href":"https:\/\/chacosintesis.com.ar\/index.php\/wp-json\/wp\/v2\/media?parent=24299"}],"wp:term":[{"taxonomy":"category","embeddable":true,"href":"https:\/\/chacosintesis.com.ar\/index.php\/wp-json\/wp\/v2\/categories?post=24299"},{"taxonomy":"post_tag","embeddable":true,"href":"https:\/\/chacosintesis.com.ar\/index.php\/wp-json\/wp\/v2\/tags?post=24299"}],"curies":[{"name":"wp","href":"https:\/\/api.w.org\/{rel}","templated":true}]}}