{"id":24291,"date":"2023-07-24T17:51:34","date_gmt":"2023-07-24T20:51:34","guid":{"rendered":"https:\/\/chacosintesis.com.ar\/?p=24291"},"modified":"2023-07-24T18:06:57","modified_gmt":"2023-07-24T21:06:57","slug":"con-multiples-actividades-el-inta-saenz-pena-festeja-su-centenario-con-la-comunidad","status":"publish","type":"post","link":"https:\/\/chacosintesis.com.ar\/index.php\/con-multiples-actividades-el-inta-saenz-pena-festeja-su-centenario-con-la-comunidad\/","title":{"rendered":"Con m\u00faltiples actividades, el INTA S\u00e1enz Pe\u00f1a festeja su centenario con la comunidad"},"content":{"rendered":"<p>Se inaugurar\u00e1 el nuevo acceso al predio ubicado en ruta nacional 95 kil\u00f3metro 1008, lugar donde habr\u00e1 m\u00faltiples propuestas con exposici\u00f3n de emprendedores, patio de comidas y m\u00fasica en vivo.<br \/>\nEl pr\u00f3ximo 1 de agosto, la Estaci\u00f3n Experimental Agropecuaria del INTA S\u00e1enz Pe\u00f1a invita a una serie de actividades en el predio ubicado en ruta nacional 95 kil\u00f3metro 1008 para celebrar su centenario.<br \/>\nEl programa previsto para la fecha se desarrollar\u00e1 desde las 9 y hasta las 16. Se inaugurar\u00e1 un nuevo acceso a la Estaci\u00f3n Experimental, habr\u00e1 carpas institucionales en el predio, muestras de todas las actividades que realiza el INTA en esta regi\u00f3n, un sector donde expondr\u00e1n emprendedores locales, un patio de comidas y m\u00fasica en vivo.<br \/>\n\u201cCumplimos 100 a\u00f1os y queremos invitar a toda la comunidad que siempre nos acompa\u00f1a a compartir un d\u00eda de celebraci\u00f3n con nosotros\u201d, indicaron desde la instituci\u00f3n.<br \/>\nA trav\u00e9s de sus redes sociales, el INTA S\u00e1enz Pe\u00f1a comparti\u00f3 algunos hitos que marcaron la historia de este primer centenario, junto con fotos hist\u00f3ricas.<br \/>\nAs\u00ed, la instituci\u00f3n record\u00f3 que en 1923 fue creada la Chacra Algodonera Oficial con el nombre \u201cEstaci\u00f3n Agropecuaria Algodonera\u201d, por el Ministerio de Agricultura de la Naci\u00f3n (MAGN) en Presidencia Roque S\u00e1enz Pe\u00f1a Chaco. All\u00ed, la actividad principal fue la captaci\u00f3n, selecci\u00f3n y realizaci\u00f3n de ensayos comparativos de \u00e9stos materiales, que en su mayor\u00eda eran variedades introducidas desde los Estados Unidos.<\/p>\n","protected":false},"excerpt":{"rendered":"<p>Se inaugurar\u00e1 el nuevo acceso al predio ubicado en ruta nacional 95 kil\u00f3metro 1008, lugar donde habr\u00e1 m\u00faltiples propuestas con exposici\u00f3n de emprendedores, patio de comidas y m\u00fasica en vivo. El pr\u00f3ximo 1 de agosto, la Estaci\u00f3n Experimental Agropecuaria del INTA S\u00e1enz Pe\u00f1a invita a una serie de actividades en el predio ubicado en ruta [&hellip;]<\/p>\n","protected":false},"author":1,"featured_media":24292,"comment_status":"closed","ping_status":"closed","sticky":false,"template":"","format":"standard","meta":{"footnotes":""},"categories":[6],"tags":[],"class_list":{"0":"post-24291","1":"post","2":"type-post","3":"status-publish","4":"format-standard","5":"has-post-thumbnail","7":"category-chaco"},"_links":{"self":[{"href":"https:\/\/chacosintesis.com.ar\/index.php\/wp-json\/wp\/v2\/posts\/24291","targetHints":{"allow":["GET"]}}],"collection":[{"href":"https:\/\/chacosintesis.com.ar\/index.php\/wp-json\/wp\/v2\/posts"}],"about":[{"href":"https:\/\/chacosintesis.com.ar\/index.php\/wp-json\/wp\/v2\/types\/post"}],"author":[{"embeddable":true,"href":"https:\/\/chacosintesis.com.ar\/index.php\/wp-json\/wp\/v2\/users\/1"}],"replies":[{"embeddable":true,"href":"https:\/\/chacosintesis.com.ar\/index.php\/wp-json\/wp\/v2\/comments?post=24291"}],"version-history":[{"count":0,"href":"https:\/\/chacosintesis.com.ar\/index.php\/wp-json\/wp\/v2\/posts\/24291\/revisions"}],"wp:featuredmedia":[{"embeddable":true,"href":"https:\/\/chacosintesis.com.ar\/index.php\/wp-json\/wp\/v2\/media\/24292"}],"wp:attachment":[{"href":"https:\/\/chacosintesis.com.ar\/index.php\/wp-json\/wp\/v2\/media?parent=24291"}],"wp:term":[{"taxonomy":"category","embeddable":true,"href":"https:\/\/chacosintesis.com.ar\/index.php\/wp-json\/wp\/v2\/categories?post=24291"},{"taxonomy":"post_tag","embeddable":true,"href":"https:\/\/chacosintesis.com.ar\/index.php\/wp-json\/wp\/v2\/tags?post=24291"}],"curies":[{"name":"wp","href":"https:\/\/api.w.org\/{rel}","templated":true}]}}