{"id":24289,"date":"2023-07-24T17:49:33","date_gmt":"2023-07-24T20:49:33","guid":{"rendered":"https:\/\/chacosintesis.com.ar\/?p=24289"},"modified":"2023-07-24T18:06:56","modified_gmt":"2023-07-24T21:06:56","slug":"la-policia-provincial-y-fuerzas-federales-desplegaran-operativos-con-foco-en-el-gran-resistencia-y-saenz-pena","status":"publish","type":"post","link":"https:\/\/chacosintesis.com.ar\/index.php\/la-policia-provincial-y-fuerzas-federales-desplegaran-operativos-con-foco-en-el-gran-resistencia-y-saenz-pena\/","title":{"rendered":"La polic\u00eda provincial y fuerzas federales desplegar\u00e1n operativos con foco en el Gran Resistencia y S\u00e1enz Pe\u00f1a"},"content":{"rendered":"<p>M\u00e1s de 11 mil efectivos, incluyendo agentes privados, se distribuir\u00e1n en todo el territorio provincial para aumentar el control operacional en los principales corredores. Habr\u00e1 un abordaje espec\u00edfico en m\u00e1s de 1.400 paradas de colectivos.<br \/>\nEn funci\u00f3n del plan de seguridad &#8220;Escuchar para Hacer&#8221; elaborado con la participaci\u00f3n de vecinos y vecinas, el gobernador Jorge Capitanich recibi\u00f3 este lunes a representantes de las fuerzas federales de seguridad, de la Polic\u00eda del Chaco y de la Uni\u00f3n Personal de Seguridad de la Rep\u00fablica Argentina (UPSRA). En mesas de trabajo, definieron una estrategia para incrementar la presencia de los agentes con operativos din\u00e1micos de prevenci\u00f3n.<br \/>\n&#8220;Nos reunimos con el objeto de coordinar un modelo de acci\u00f3n territorial para aumentar el control operacional en el Gran Resistencia, con 700 efectivos y 85 patrulleros, incorporando adem\u00e1s la polic\u00eda comunitaria de Barranqueras&#8221;, indic\u00f3 el mandatario. A trav\u00e9s del mapa de delitos que aborda el Ministerio de Seguridad y Justicia, lograron identificar los principales corredores y cuadr\u00edculas a intervenir en los pr\u00f3ximos d\u00edas.<br \/>\nEn total, unos 11.600 agentes estar\u00e1n distribuidos en toda la provincia, principalmente en las &#8220;zonas de calor&#8221; del Gran Resistencia y de S\u00e1enz Pe\u00f1a identificadas por dicho mapa. El subsecretario de Planificaci\u00f3n de Seguridad y Justicia, Leandro \u00c1lvarez, particip\u00f3 de los encuentros y explic\u00f3 que se trata de un trabajo similar al realizado durante la pandemia, cuando se trazaron diferentes \u00e1reas de abordaje en articulaci\u00f3n con las fuerzas.<br \/>\n&#8220;A cada fuerza se le asign\u00f3 un sector espec\u00edfico en distintos horarios, pero focalizando sobre todo entre las 17 y las 21, que es el horario donde se registran m\u00e1s delitos&#8221;, se\u00f1al\u00f3 el funcionario, y agreg\u00f3: &#8220;Despu\u00e9s de las 21 vamos a rotar en distintos barrios a la par de que iremos haciendo allanamientos en funci\u00f3n de lo que dicte el Ministerio P\u00fablico Fiscal en desarmaderos, chacaritas y todo lo relacionado a narcomenudeo y narcotr\u00e1fico&#8221;.<\/p>\n<p>Paradas seguras, denuncias digitales y botones de p\u00e1nico<\/p>\n<p>Seg\u00fan el mapa de delitos de la Provincia, en las paradas de colectivos ocurren el 10% de los delitos totales, por lo que definieron un sistema de prevenci\u00f3n espec\u00edfico en 1.474 puntos de espera del transporte p\u00fablico. A su vez, se habilitar\u00e1n garitas policiales en determinados sectores para resguardo de los vecinos, &#8220;pensando sobre todo en las y los trabajadores&#8221;, coment\u00f3 \u00c1lvarez.<br \/>\nTambi\u00e9n se proveer\u00e1 botones de p\u00e1nico a ch\u00f3feres de colectivos, de remises y de taxis, para tener comunicaci\u00f3n directa con el servicio 911 y as\u00ed atender cualquier emergencia mientras se encuentran trabajando.<br \/>\n&#8220;Adem\u00e1s de los operativos, vamos a contar en tiempo real con las denuncias digitales que se registren en la app, as\u00ed como las que se realicen al 911 y en las comisar\u00edas. Vamos a tener un monitoreo inmediato para ir trabajando sobre los procedimientos&#8221;, agreg\u00f3 el subsecretario, recomendando adem\u00e1s que las y los conductores de motos salgan con su documentaci\u00f3n y con casco, ya que las fuerzas reforzar\u00e1n los controles con con una aplicaci\u00f3n de registro de motos robadas.<\/p>\n<p>Respuesta a pedidos vecinales<br \/>\nLa medida se pondr\u00e1 en marcha con la Polic\u00eda provincial, la Polic\u00eda Federal, Gendarmer\u00eda, Prefectura y la Polic\u00eda Aeroportuaria, como resultado de los encuentros vecinales que viene manteniendo el gobernador en los diferentes circuitos. En esos espacios, adem\u00e1s de obras de infraestructura, la principal demanda es precisamente la seguridad p\u00fablica.<br \/>\nDe la misma manera, Capitanich convoc\u00f3 a representantes de seguridad privada buscando garantizar la m\u00e1xima cobertura territorial posible y de manera inmediata. \u201cLo que buscamos junto a las agencias de seguridad privada -unas 40 que nuclean a cerca de 1.300 agentes registrados en toda la provincia- es integrarlos a la red primaria para ampliar la capacidad\u201d, dijo \u00c1lvarez.<br \/>\nEl delegado de UPSRA, Daniel Toledo puso en valor la invitaci\u00f3n del gobernador a colaborar con los operativos. \u201cEs una muy buena iniciativa, a la cual nosotros vamos a apoyar en todo lo que el gobernador nos pida\u201d, expres\u00f3, y asegur\u00f3 que fue un encuentro &#8220;muy positivo&#8221; ya que pudieron comentarle al mandatario su situaci\u00f3n laboral.<br \/>\nEn ese sentido, Capitanich puso a disposici\u00f3n de las empresas los programas de empleo y de entrenamiento laboral que lleva adelante la Provincia para trabajar en conjunto una instancia de capacitaci\u00f3n de agentes privados.<\/p>\n","protected":false},"excerpt":{"rendered":"<p>M\u00e1s de 11 mil efectivos, incluyendo agentes privados, se distribuir\u00e1n en todo el territorio provincial para aumentar el control operacional en los principales corredores. Habr\u00e1 un abordaje espec\u00edfico en m\u00e1s de 1.400 paradas de colectivos. En funci\u00f3n del plan de seguridad &#8220;Escuchar para Hacer&#8221; elaborado con la participaci\u00f3n de vecinos y vecinas, el gobernador Jorge [&hellip;]<\/p>\n","protected":false},"author":1,"featured_media":24290,"comment_status":"closed","ping_status":"closed","sticky":false,"template":"","format":"standard","meta":{"footnotes":""},"categories":[6],"tags":[],"class_list":{"0":"post-24289","1":"post","2":"type-post","3":"status-publish","4":"format-standard","5":"has-post-thumbnail","7":"category-chaco"},"_links":{"self":[{"href":"https:\/\/chacosintesis.com.ar\/index.php\/wp-json\/wp\/v2\/posts\/24289","targetHints":{"allow":["GET"]}}],"collection":[{"href":"https:\/\/chacosintesis.com.ar\/index.php\/wp-json\/wp\/v2\/posts"}],"about":[{"href":"https:\/\/chacosintesis.com.ar\/index.php\/wp-json\/wp\/v2\/types\/post"}],"author":[{"embeddable":true,"href":"https:\/\/chacosintesis.com.ar\/index.php\/wp-json\/wp\/v2\/users\/1"}],"replies":[{"embeddable":true,"href":"https:\/\/chacosintesis.com.ar\/index.php\/wp-json\/wp\/v2\/comments?post=24289"}],"version-history":[{"count":0,"href":"https:\/\/chacosintesis.com.ar\/index.php\/wp-json\/wp\/v2\/posts\/24289\/revisions"}],"wp:featuredmedia":[{"embeddable":true,"href":"https:\/\/chacosintesis.com.ar\/index.php\/wp-json\/wp\/v2\/media\/24290"}],"wp:attachment":[{"href":"https:\/\/chacosintesis.com.ar\/index.php\/wp-json\/wp\/v2\/media?parent=24289"}],"wp:term":[{"taxonomy":"category","embeddable":true,"href":"https:\/\/chacosintesis.com.ar\/index.php\/wp-json\/wp\/v2\/categories?post=24289"},{"taxonomy":"post_tag","embeddable":true,"href":"https:\/\/chacosintesis.com.ar\/index.php\/wp-json\/wp\/v2\/tags?post=24289"}],"curies":[{"name":"wp","href":"https:\/\/api.w.org\/{rel}","templated":true}]}}