{"id":24283,"date":"2023-07-24T16:51:14","date_gmt":"2023-07-24T19:51:14","guid":{"rendered":"https:\/\/chacosintesis.com.ar\/?p=24283"},"modified":"2023-07-24T17:06:50","modified_gmt":"2023-07-24T20:06:50","slug":"capitanich-todas-las-semanas-estamos-compartiendo-la-alegria-de-familias-que-cumplen-el-sueno-de-la-casa-propia","status":"publish","type":"post","link":"https:\/\/chacosintesis.com.ar\/index.php\/capitanich-todas-las-semanas-estamos-compartiendo-la-alegria-de-familias-que-cumplen-el-sueno-de-la-casa-propia\/","title":{"rendered":"Capitanich: &#8220;Todas las semanas estamos compartiendo la alegr\u00eda de familias que cumplen el sue\u00f1o de la casa propia&#8221;"},"content":{"rendered":"<p>Este lunes, el gobernador particip\u00f3 del acto de entrega de casas a familias de Resistencia.<br \/>\nEste lunes por la ma\u00f1ana, el gobernador Jorge Capitanich hizo entrega de casas en el Barrio 16 de septiembre de Resistencia. En sus redes sociales, el primer mandatario provincial dijo que: &#8220;odas las semanas estamos compartiendo la alegr\u00eda de familias que cumplen el sue\u00f1o de la casa propia&#8221;. Cabe mencionar que a trav\u00e9s de distintas operatorias, el Gobierno provincial avanza en su meta de alcanzar un total de 75.000 soluciones habitacionales en los tres mandatos constitucionales de Capitanich, as\u00ed como la creaci\u00f3n de 15.000 empleos en el sector de la construcci\u00f3n.<\/p>\n","protected":false},"excerpt":{"rendered":"<p>Este lunes, el gobernador particip\u00f3 del acto de entrega de casas a familias de Resistencia. Este lunes por la ma\u00f1ana, el gobernador Jorge Capitanich hizo entrega de casas en el Barrio 16 de septiembre de Resistencia. En sus redes sociales, el primer mandatario provincial dijo que: &#8220;odas las semanas estamos compartiendo la alegr\u00eda de familias [&hellip;]<\/p>\n","protected":false},"author":1,"featured_media":24284,"comment_status":"closed","ping_status":"closed","sticky":false,"template":"","format":"standard","meta":{"footnotes":""},"categories":[6],"tags":[],"class_list":{"0":"post-24283","1":"post","2":"type-post","3":"status-publish","4":"format-standard","5":"has-post-thumbnail","7":"category-chaco"},"_links":{"self":[{"href":"https:\/\/chacosintesis.com.ar\/index.php\/wp-json\/wp\/v2\/posts\/24283","targetHints":{"allow":["GET"]}}],"collection":[{"href":"https:\/\/chacosintesis.com.ar\/index.php\/wp-json\/wp\/v2\/posts"}],"about":[{"href":"https:\/\/chacosintesis.com.ar\/index.php\/wp-json\/wp\/v2\/types\/post"}],"author":[{"embeddable":true,"href":"https:\/\/chacosintesis.com.ar\/index.php\/wp-json\/wp\/v2\/users\/1"}],"replies":[{"embeddable":true,"href":"https:\/\/chacosintesis.com.ar\/index.php\/wp-json\/wp\/v2\/comments?post=24283"}],"version-history":[{"count":0,"href":"https:\/\/chacosintesis.com.ar\/index.php\/wp-json\/wp\/v2\/posts\/24283\/revisions"}],"wp:featuredmedia":[{"embeddable":true,"href":"https:\/\/chacosintesis.com.ar\/index.php\/wp-json\/wp\/v2\/media\/24284"}],"wp:attachment":[{"href":"https:\/\/chacosintesis.com.ar\/index.php\/wp-json\/wp\/v2\/media?parent=24283"}],"wp:term":[{"taxonomy":"category","embeddable":true,"href":"https:\/\/chacosintesis.com.ar\/index.php\/wp-json\/wp\/v2\/categories?post=24283"},{"taxonomy":"post_tag","embeddable":true,"href":"https:\/\/chacosintesis.com.ar\/index.php\/wp-json\/wp\/v2\/tags?post=24283"}],"curies":[{"name":"wp","href":"https:\/\/api.w.org\/{rel}","templated":true}]}}