{"id":24281,"date":"2023-07-24T16:49:46","date_gmt":"2023-07-24T19:49:46","guid":{"rendered":"https:\/\/chacosintesis.com.ar\/?p=24281"},"modified":"2023-07-24T17:06:49","modified_gmt":"2023-07-24T20:06:49","slug":"oficializaron-las-boletas-para-las-paso-nacionales","status":"publish","type":"post","link":"https:\/\/chacosintesis.com.ar\/index.php\/oficializaron-las-boletas-para-las-paso-nacionales\/","title":{"rendered":"Oficializaron las boletas para las PASO nacionales"},"content":{"rendered":"<p>Competir\u00e1n en las elecciones del domingo 13 de agosto<br \/>\nLa Secretar\u00eda Electoral Nacional, distrito Chaco, dio a conocer las boletas oficializadas que competir\u00e1n en las elecciones Primarias, Abiertas, Simult\u00e1neas y Obligatorias, del domingo 13 de agosto.<br \/>\nEn el siguiente enlace se encuentran cargadas las boletas del distrito Chaco y nacionales <a href=\"\/\/electoralnacionalchaco.com.ar\/boletas\/\">ttps:\/\/electoralnacionalchaco.com.ar\/boletas\/<\/a><\/p>\n","protected":false},"excerpt":{"rendered":"<p>Competir\u00e1n en las elecciones del domingo 13 de agosto La Secretar\u00eda Electoral Nacional, distrito Chaco, dio a conocer las boletas oficializadas que competir\u00e1n en las elecciones Primarias, Abiertas, Simult\u00e1neas y Obligatorias, del domingo 13 de agosto. En el siguiente enlace se encuentran cargadas las boletas del distrito Chaco y nacionales ttps:\/\/electoralnacionalchaco.com.ar\/boletas\/<\/p>\n","protected":false},"author":1,"featured_media":24282,"comment_status":"closed","ping_status":"closed","sticky":false,"template":"","format":"standard","meta":{"footnotes":""},"categories":[6],"tags":[],"class_list":{"0":"post-24281","1":"post","2":"type-post","3":"status-publish","4":"format-standard","5":"has-post-thumbnail","7":"category-chaco"},"_links":{"self":[{"href":"https:\/\/chacosintesis.com.ar\/index.php\/wp-json\/wp\/v2\/posts\/24281","targetHints":{"allow":["GET"]}}],"collection":[{"href":"https:\/\/chacosintesis.com.ar\/index.php\/wp-json\/wp\/v2\/posts"}],"about":[{"href":"https:\/\/chacosintesis.com.ar\/index.php\/wp-json\/wp\/v2\/types\/post"}],"author":[{"embeddable":true,"href":"https:\/\/chacosintesis.com.ar\/index.php\/wp-json\/wp\/v2\/users\/1"}],"replies":[{"embeddable":true,"href":"https:\/\/chacosintesis.com.ar\/index.php\/wp-json\/wp\/v2\/comments?post=24281"}],"version-history":[{"count":0,"href":"https:\/\/chacosintesis.com.ar\/index.php\/wp-json\/wp\/v2\/posts\/24281\/revisions"}],"wp:featuredmedia":[{"embeddable":true,"href":"https:\/\/chacosintesis.com.ar\/index.php\/wp-json\/wp\/v2\/media\/24282"}],"wp:attachment":[{"href":"https:\/\/chacosintesis.com.ar\/index.php\/wp-json\/wp\/v2\/media?parent=24281"}],"wp:term":[{"taxonomy":"category","embeddable":true,"href":"https:\/\/chacosintesis.com.ar\/index.php\/wp-json\/wp\/v2\/categories?post=24281"},{"taxonomy":"post_tag","embeddable":true,"href":"https:\/\/chacosintesis.com.ar\/index.php\/wp-json\/wp\/v2\/tags?post=24281"}],"curies":[{"name":"wp","href":"https:\/\/api.w.org\/{rel}","templated":true}]}}