{"id":24279,"date":"2023-07-24T16:47:50","date_gmt":"2023-07-24T19:47:50","guid":{"rendered":"https:\/\/chacosintesis.com.ar\/?p=24279"},"modified":"2023-07-24T17:06:49","modified_gmt":"2023-07-24T20:06:49","slug":"chapo-destaco-el-esquema-de-reuniones-y-escucha-directa-del-gobernador-capitanich","status":"publish","type":"post","link":"https:\/\/chacosintesis.com.ar\/index.php\/chapo-destaco-el-esquema-de-reuniones-y-escucha-directa-del-gobernador-capitanich\/","title":{"rendered":"Chapo destac\u00f3 el esquema de reuniones y escucha directa del gobernador Capitanich"},"content":{"rendered":"<p>El vocero asegur\u00f3 que el que encabeza Capitanich es un proceso abierto y muy sincero con los distintos sectores y actores as\u00ed como tambi\u00e9n con la poblaci\u00f3n de toda la provincia.<br \/>\nEl vocero oficial Juan Manuel Chapo ofreci\u00f3 este lunes su habitual conferencia de prensa, instancia en la que inform\u00f3 sobre distintas cuestiones al tiempo que dio detalles sobre la agenda del gobernador Jorge Capitanich para este lunes y ma\u00f1ana martes.<br \/>\nEl portavoz hizo foco en el actual esquema de reuniones y escucha directa que implement\u00f3 semanas atr\u00e1s el Poder Ejecutivo y que reforz\u00f3 la cercan\u00eda de la gesti\u00f3n para con la poblaci\u00f3n.<br \/>\nAl respecto, dijo que a partir de atender los planteos sociales e inquietudes ciudadanas el gobierno ha puesto en marcha distintos programas de acci\u00f3n y pol\u00edticas directas.<br \/>\n\u201cLas reuniones sectoriales y con vecinos han permitido dar respuestas inmediatas a las demandas ciudadanas\u201d, enfatiz\u00f3 Chapo.<br \/>\nEl vocero asegur\u00f3 que el que encabeza Capitanich es un proceso abierto y muy sincero con los distintos sectores y actores as\u00ed como tambi\u00e9n con la poblaci\u00f3n de toda la provincia.<br \/>\n\u201cEs un esquema de interrelaci\u00f3n y escucha muy virtuoso que se da entre el Estado y la sociedad y que ha dado buenos resultados: no van ni tres semanas y al d\u00eda de la fecha ya tenemos en ejecuci\u00f3n planes de infraestructura, de salud y de seguridad p\u00fablica\u201d, precis\u00f3.<br \/>\nEl portavoz tambi\u00e9n destac\u00f3 que el mecanismo de reuniones diarias ha permitido al mandatario robustecer el contacto directo con la ciudadan\u00eda y atender de primera mano esas demandas y necesidades.<br \/>\n\u201cHemos escuchado esos planteos ante los cuales la respuesta fue pr\u00e1cticamente inmediata con ejecuci\u00f3n r\u00e1pida de obras, acci\u00f3n y pol\u00edticas p\u00fablicas\u201d, insisti\u00f3.<br \/>\nEntre las obras ya iniciadas se encuentra el esquema de 500 cuadras de ripio para barrios metropolitanos, que se complementa con los m\u00e1s de 520 tramos de pavimento urbano en ejecuci\u00f3n de manera simult\u00e1nea.<br \/>\nTambi\u00e9n fueron lanzados los planes de infraestructura, de salud p\u00fablica y seguridad ciudadana, el que incluye la colocaci\u00f3n de m\u00e1s de 4 mil luminarias en distintas calles de Resistencia por parte de Secheep.<br \/>\nPor \u00faltimo, Chapo adelant\u00f3 que \u201ceste tipo de reuniones sectoriales y con la gente continuar\u00e1n\u201d y que el gobierno remarca la importancia de las comisiones vecinales \u201cporque son las que mejor conocen lo que sucede en los barrios\u201d.<\/p>\n<p>Agenda<br \/>\nEn otro orden de cosas, el vocero dio a conocer detalles de la agenda que sostendr\u00e1 el gobernador Capitanich durante este martes 25 y que contempla actividades en Resistencia y en Margarita Bel\u00e9n.<br \/>\nEn primer t\u00e9rmino, el mandatario participar\u00e1 de la inauguraci\u00f3n de la ampliaci\u00f3n del Centro Madre Teresa de Calcuta, espacio que incrementar\u00e1 su capacidad de albergue a personas del interior provincial que cuentan con familiares internados en el hospital Perrando.<br \/>\nTambi\u00e9n en la capital, el gobernador entregar\u00e1 maquinaria y herramientas de trabajo para emprendedores; y luego encabezar\u00e1 una reuni\u00f3n con j\u00f3venes empresarios en el Centro de Empleados de Comercio.<br \/>\nMientras que en Margarita Bel\u00e9n protagonizar\u00e1 un encuentro con productores ganadores y rurales; y otro con propietarios de reservas naturales que forman parte de la oferta tur\u00edstica chaque\u00f1a.<\/p>\n","protected":false},"excerpt":{"rendered":"<p>El vocero asegur\u00f3 que el que encabeza Capitanich es un proceso abierto y muy sincero con los distintos sectores y actores as\u00ed como tambi\u00e9n con la poblaci\u00f3n de toda la provincia. El vocero oficial Juan Manuel Chapo ofreci\u00f3 este lunes su habitual conferencia de prensa, instancia en la que inform\u00f3 sobre distintas cuestiones al tiempo [&hellip;]<\/p>\n","protected":false},"author":1,"featured_media":24280,"comment_status":"closed","ping_status":"closed","sticky":false,"template":"","format":"standard","meta":{"footnotes":""},"categories":[6],"tags":[],"class_list":{"0":"post-24279","1":"post","2":"type-post","3":"status-publish","4":"format-standard","5":"has-post-thumbnail","7":"category-chaco"},"_links":{"self":[{"href":"https:\/\/chacosintesis.com.ar\/index.php\/wp-json\/wp\/v2\/posts\/24279","targetHints":{"allow":["GET"]}}],"collection":[{"href":"https:\/\/chacosintesis.com.ar\/index.php\/wp-json\/wp\/v2\/posts"}],"about":[{"href":"https:\/\/chacosintesis.com.ar\/index.php\/wp-json\/wp\/v2\/types\/post"}],"author":[{"embeddable":true,"href":"https:\/\/chacosintesis.com.ar\/index.php\/wp-json\/wp\/v2\/users\/1"}],"replies":[{"embeddable":true,"href":"https:\/\/chacosintesis.com.ar\/index.php\/wp-json\/wp\/v2\/comments?post=24279"}],"version-history":[{"count":0,"href":"https:\/\/chacosintesis.com.ar\/index.php\/wp-json\/wp\/v2\/posts\/24279\/revisions"}],"wp:featuredmedia":[{"embeddable":true,"href":"https:\/\/chacosintesis.com.ar\/index.php\/wp-json\/wp\/v2\/media\/24280"}],"wp:attachment":[{"href":"https:\/\/chacosintesis.com.ar\/index.php\/wp-json\/wp\/v2\/media?parent=24279"}],"wp:term":[{"taxonomy":"category","embeddable":true,"href":"https:\/\/chacosintesis.com.ar\/index.php\/wp-json\/wp\/v2\/categories?post=24279"},{"taxonomy":"post_tag","embeddable":true,"href":"https:\/\/chacosintesis.com.ar\/index.php\/wp-json\/wp\/v2\/tags?post=24279"}],"curies":[{"name":"wp","href":"https:\/\/api.w.org\/{rel}","templated":true}]}}