{"id":24269,"date":"2023-07-24T16:24:23","date_gmt":"2023-07-24T19:24:23","guid":{"rendered":"https:\/\/chacosintesis.com.ar\/?p=24269"},"modified":"2023-07-24T16:36:52","modified_gmt":"2023-07-24T19:36:52","slug":"once-chaquenas-de-entre-18-y-25-anos-buscan-representar-la-fiesta-del-algodon","status":"publish","type":"post","link":"https:\/\/chacosintesis.com.ar\/index.php\/once-chaquenas-de-entre-18-y-25-anos-buscan-representar-la-fiesta-del-algodon\/","title":{"rendered":"Once chaque\u00f1as de entre 18 y 25 a\u00f1os buscan representar la Fiesta del Algod\u00f3n"},"content":{"rendered":"<p>Vestir\u00e1n ropa de Chacu, la marca chaque\u00f1a que se ha desarrollado a trav\u00e9s del crecimiento textil, y vestidos de Luciano Lapasini Alta Costura, dise\u00f1ador saenspe\u00f1ense. En esta edici\u00f3n,  las postulantes ser\u00e1n 11 mujeres  entre 18 y 25 a\u00f1os, chaque\u00f1as, de diferentes localidades.  El evento, que se llevar\u00e1 a cabo el 5 de agosto en el escenario del predio de la exposici\u00f3n, mostrar\u00e1 tambi\u00e9n el trabajo de la industria textil chaque\u00f1a. Se realizar\u00e1n dos pasadas: la primera con ropa de Chacu, la marca chaque\u00f1a que se ha desarrollado a trav\u00e9s del crecimiento textil, y la segunda con vestidos de Luciano Lapasini Alta Costura, dise\u00f1ador saenspe\u00f1ense. Cada postulante se presentar\u00e1 y contar\u00e1 a qu\u00e9 localidad representa y por qu\u00e9 quiere ser la Representante de la Fiesta  del Algod\u00f3n, luego de las pasadas, el jurado compuesto por cinco personas elegir\u00e1  cinco finalistas. En este sentido, se tendr\u00e1 en cuenta tambi\u00e9n la entrevista personal que se realizar\u00e1 ese mismo s\u00e1bado, por la ma\u00f1ana.  A las cinco finalistas se les har\u00e1 una pregunta final al azar. Finalmente, el jurado elige las 3 Representantes, que reemplazar\u00e1n a Tatiana Beatriz Zorrilla de Presidencia Roque S\u00e1enz Pe\u00f1a, que ser\u00e1 acompa\u00f1ada por Keyla Nahara Vrebec de Santa Sylvina, y Camila Magal\u00ed Honcheruk de Villa Berthet, coronadas en 2022 El cuerpo de Bastoneras se renov\u00f3 este a\u00f1o, con 17 integrantes que van desde los 15 a  31 a\u00f1os. Est\u00e1n ensayando hace 2 meses aproximadamente, para brindar su tradicional espect\u00e1culo que lleva ya 30 ediciones.<\/p>\n","protected":false},"excerpt":{"rendered":"<p>Vestir\u00e1n ropa de Chacu, la marca chaque\u00f1a que se ha desarrollado a trav\u00e9s del crecimiento textil, y vestidos de Luciano Lapasini Alta Costura, dise\u00f1ador saenspe\u00f1ense. En esta edici\u00f3n, las postulantes ser\u00e1n 11 mujeres entre 18 y 25 a\u00f1os, chaque\u00f1as, de diferentes localidades. El evento, que se llevar\u00e1 a cabo el 5 de agosto en el [&hellip;]<\/p>\n","protected":false},"author":1,"featured_media":24270,"comment_status":"closed","ping_status":"closed","sticky":false,"template":"","format":"standard","meta":{"footnotes":""},"categories":[6],"tags":[],"class_list":{"0":"post-24269","1":"post","2":"type-post","3":"status-publish","4":"format-standard","5":"has-post-thumbnail","7":"category-chaco"},"_links":{"self":[{"href":"https:\/\/chacosintesis.com.ar\/index.php\/wp-json\/wp\/v2\/posts\/24269","targetHints":{"allow":["GET"]}}],"collection":[{"href":"https:\/\/chacosintesis.com.ar\/index.php\/wp-json\/wp\/v2\/posts"}],"about":[{"href":"https:\/\/chacosintesis.com.ar\/index.php\/wp-json\/wp\/v2\/types\/post"}],"author":[{"embeddable":true,"href":"https:\/\/chacosintesis.com.ar\/index.php\/wp-json\/wp\/v2\/users\/1"}],"replies":[{"embeddable":true,"href":"https:\/\/chacosintesis.com.ar\/index.php\/wp-json\/wp\/v2\/comments?post=24269"}],"version-history":[{"count":0,"href":"https:\/\/chacosintesis.com.ar\/index.php\/wp-json\/wp\/v2\/posts\/24269\/revisions"}],"wp:featuredmedia":[{"embeddable":true,"href":"https:\/\/chacosintesis.com.ar\/index.php\/wp-json\/wp\/v2\/media\/24270"}],"wp:attachment":[{"href":"https:\/\/chacosintesis.com.ar\/index.php\/wp-json\/wp\/v2\/media?parent=24269"}],"wp:term":[{"taxonomy":"category","embeddable":true,"href":"https:\/\/chacosintesis.com.ar\/index.php\/wp-json\/wp\/v2\/categories?post=24269"},{"taxonomy":"post_tag","embeddable":true,"href":"https:\/\/chacosintesis.com.ar\/index.php\/wp-json\/wp\/v2\/tags?post=24269"}],"curies":[{"name":"wp","href":"https:\/\/api.w.org\/{rel}","templated":true}]}}