{"id":24247,"date":"2023-07-24T15:55:32","date_gmt":"2023-07-24T18:55:32","guid":{"rendered":"https:\/\/chacosintesis.com.ar\/?p=24247"},"modified":"2023-07-24T16:06:44","modified_gmt":"2023-07-24T19:06:44","slug":"trabajan-en-la-accion-conjunta-de-fuerzas-nacionales-y-provinciales-para-la-prevencion-del-delito","status":"publish","type":"post","link":"https:\/\/chacosintesis.com.ar\/index.php\/trabajan-en-la-accion-conjunta-de-fuerzas-nacionales-y-provinciales-para-la-prevencion-del-delito\/","title":{"rendered":"Trabajan en la acci\u00f3n conjunta de Fuerzas nacionales y provinciales para la prevenci\u00f3n del delito"},"content":{"rendered":"<p>El gobernador mantuvo una reuni\u00f3n con las fuerzas de seguridad para fortalecer el sistema de prevenci\u00f3n. El gobernador Jorge Capitanich se reuni\u00f3 este lunes con integrantes de las fuerzas de seguridad nacionales con el objetivo de &#8220;coordinar un modelo de acci\u00f3n territorial para aumentar el control operacional con 700 agentes, 85 veh\u00edculos y motos en el Gran Resistencia incorporando adem\u00e1s la polic\u00eda comunitaria de Barranqueras&#8221;. El mandatario provincial dijo en sus redes sociales que esta acci\u00f3n conjunta &#8220;permitir\u00e1 verificar corredores principales y cuadr\u00edculas en funci\u00f3n del mapa de delitos.&#8221; Por otra parte, anunci\u00f3 que se destruir\u00e1n 1.833 armas de fuego con el sistema nacional junto a un relevamiento y prevenci\u00f3n de 1.474 paradas de colectivos, &#8220;pues registran el 10 por ciento de los delitos del sistema&#8221;, explic\u00f3. &#8220;Ahora nos encontramos con las agencias privadas para aumentar la disponibilidad de agentes de control para llegar a 15.000 en toda la provincia&#8221;, concluy\u00f3.<\/p>\n","protected":false},"excerpt":{"rendered":"<p>El gobernador mantuvo una reuni\u00f3n con las fuerzas de seguridad para fortalecer el sistema de prevenci\u00f3n. El gobernador Jorge Capitanich se reuni\u00f3 este lunes con integrantes de las fuerzas de seguridad nacionales con el objetivo de &#8220;coordinar un modelo de acci\u00f3n territorial para aumentar el control operacional con 700 agentes, 85 veh\u00edculos y motos en [&hellip;]<\/p>\n","protected":false},"author":1,"featured_media":24248,"comment_status":"closed","ping_status":"closed","sticky":false,"template":"","format":"standard","meta":{"footnotes":""},"categories":[6],"tags":[],"class_list":{"0":"post-24247","1":"post","2":"type-post","3":"status-publish","4":"format-standard","5":"has-post-thumbnail","7":"category-chaco"},"_links":{"self":[{"href":"https:\/\/chacosintesis.com.ar\/index.php\/wp-json\/wp\/v2\/posts\/24247","targetHints":{"allow":["GET"]}}],"collection":[{"href":"https:\/\/chacosintesis.com.ar\/index.php\/wp-json\/wp\/v2\/posts"}],"about":[{"href":"https:\/\/chacosintesis.com.ar\/index.php\/wp-json\/wp\/v2\/types\/post"}],"author":[{"embeddable":true,"href":"https:\/\/chacosintesis.com.ar\/index.php\/wp-json\/wp\/v2\/users\/1"}],"replies":[{"embeddable":true,"href":"https:\/\/chacosintesis.com.ar\/index.php\/wp-json\/wp\/v2\/comments?post=24247"}],"version-history":[{"count":0,"href":"https:\/\/chacosintesis.com.ar\/index.php\/wp-json\/wp\/v2\/posts\/24247\/revisions"}],"wp:featuredmedia":[{"embeddable":true,"href":"https:\/\/chacosintesis.com.ar\/index.php\/wp-json\/wp\/v2\/media\/24248"}],"wp:attachment":[{"href":"https:\/\/chacosintesis.com.ar\/index.php\/wp-json\/wp\/v2\/media?parent=24247"}],"wp:term":[{"taxonomy":"category","embeddable":true,"href":"https:\/\/chacosintesis.com.ar\/index.php\/wp-json\/wp\/v2\/categories?post=24247"},{"taxonomy":"post_tag","embeddable":true,"href":"https:\/\/chacosintesis.com.ar\/index.php\/wp-json\/wp\/v2\/tags?post=24247"}],"curies":[{"name":"wp","href":"https:\/\/api.w.org\/{rel}","templated":true}]}}