{"id":24218,"date":"2023-07-23T12:09:51","date_gmt":"2023-07-23T15:09:51","guid":{"rendered":"https:\/\/chacosintesis.com.ar\/?p=24218"},"modified":"2023-07-23T12:38:38","modified_gmt":"2023-07-23T15:38:38","slug":"el-gobierno-avanza-en-una-agenda-de-asistencia-financiera-para-comerciantes","status":"publish","type":"post","link":"https:\/\/chacosintesis.com.ar\/index.php\/el-gobierno-avanza-en-una-agenda-de-asistencia-financiera-para-comerciantes\/","title":{"rendered":"El Gobierno avanza en una agenda de asistencia financiera para comerciantes"},"content":{"rendered":"<p>Capitanich abord\u00f3, junto a comerciantes de Barranqueras, temas importantes como seguridad, luminaria y pavimentaci\u00f3n.<\/p>\n<p>El gobernador Jorge Capitanich se reuni\u00f3, en la noche del s\u00e1bado, con comerciantes de Barranqueras con quienes traz\u00f3 acciones concretas, a implementar en el corto plazo, tendientes a mejorar las condiciones del comercio. Cr\u00e9ditos a tasas bajas, seguridad, pavimento y luminaria fueron algunos de los temas en los que se pudo avanzar. El encuentro form\u00f3 parte de la agenda de cercan\u00eda que viene llevando adelante en toda la provincia en un espacio de participaci\u00f3n directa de las chaque\u00f1as y los chaque\u00f1os en las pol\u00edticas p\u00fablicas. \u201cEstamos superando las 75 reuniones a lo largo y ancho de la provincia con acciones concretas para seguir trabajando por el bien del pueblo\u201d, se\u00f1al\u00f3. Lo acompa\u00f1aron la intendenta Magda Ayala y la directora de Medios P\u00fablicos Guillermina Capitanich. En la oportunidad avanzaron en la implementaci\u00f3n de cr\u00e9ditos para el financiamiento de los comercios en t\u00e9rminos de expansi\u00f3n y de capacidad productiva. \u201cEl desarrollo que tiene que ver con esta asistencia crediticia es para que el comercio no solo tenga capital fijo, sino capital circulante con el objeto de acrecentar la capacidad de comercializaci\u00f3n de bienes y servicios\u201d, detall\u00f3. Adem\u00e1s trabajaron en medidas de seguridad y formas de denuncias agilizaci\u00f3n de presencia policial. \u201cDesde el gobierno estamos trabajando fuertemente en el monitoreo y la seguridad p\u00fablica con el fin de garantizar mejores condiciones para prevenir el delito y preservar la seguridad de las y los chaque\u00f1os\u201d, asegur\u00f3 el gobernador.<\/p>\n<p>Reconocimiento de las y los comerciantes<\/p>\n<p> Mirta Mart\u00ednez, se dedica al rubro de la panader\u00eda desde hace 25 a\u00f1os y es la primera vez que tuvo la posibilidad de dialogar con un gobernador. \u201cFue una reuni\u00f3n muy favorable, el gobernador tuvo una respuesta positiva para cada uno de los comerciantes a los que les surgi\u00f3 una duda y eso demuestra el compromiso con su pueblo\u201d, destac\u00f3. Patricia Robledo, dedicada al rubro de venta de indumentaria, detall\u00f3 que se pudo trabajar con el gobernador la posibilidad de mayor iluminaci\u00f3n en ciertos puntos y en todo lo que refiere al tema seguridad. \u201cNos vamos muy satisfechas con lo que nos dej\u00f3 esta reuni\u00f3n, vemos una ciudad que creci\u00f3 mucho, con muchas obras importantes y una intendenta que trabaja sin descansar a la par del gobernador\u201d, sostuvo.<\/p>\n","protected":false},"excerpt":{"rendered":"<p>Capitanich abord\u00f3, junto a comerciantes de Barranqueras, temas importantes como seguridad, luminaria y pavimentaci\u00f3n. El gobernador Jorge Capitanich se reuni\u00f3, en la noche del s\u00e1bado, con comerciantes de Barranqueras con quienes traz\u00f3 acciones concretas, a implementar en el corto plazo, tendientes a mejorar las condiciones del comercio. Cr\u00e9ditos a tasas bajas, seguridad, pavimento y luminaria [&hellip;]<\/p>\n","protected":false},"author":1,"featured_media":24219,"comment_status":"closed","ping_status":"closed","sticky":false,"template":"","format":"standard","meta":{"footnotes":""},"categories":[6],"tags":[],"class_list":{"0":"post-24218","1":"post","2":"type-post","3":"status-publish","4":"format-standard","5":"has-post-thumbnail","7":"category-chaco"},"_links":{"self":[{"href":"https:\/\/chacosintesis.com.ar\/index.php\/wp-json\/wp\/v2\/posts\/24218","targetHints":{"allow":["GET"]}}],"collection":[{"href":"https:\/\/chacosintesis.com.ar\/index.php\/wp-json\/wp\/v2\/posts"}],"about":[{"href":"https:\/\/chacosintesis.com.ar\/index.php\/wp-json\/wp\/v2\/types\/post"}],"author":[{"embeddable":true,"href":"https:\/\/chacosintesis.com.ar\/index.php\/wp-json\/wp\/v2\/users\/1"}],"replies":[{"embeddable":true,"href":"https:\/\/chacosintesis.com.ar\/index.php\/wp-json\/wp\/v2\/comments?post=24218"}],"version-history":[{"count":0,"href":"https:\/\/chacosintesis.com.ar\/index.php\/wp-json\/wp\/v2\/posts\/24218\/revisions"}],"wp:featuredmedia":[{"embeddable":true,"href":"https:\/\/chacosintesis.com.ar\/index.php\/wp-json\/wp\/v2\/media\/24219"}],"wp:attachment":[{"href":"https:\/\/chacosintesis.com.ar\/index.php\/wp-json\/wp\/v2\/media?parent=24218"}],"wp:term":[{"taxonomy":"category","embeddable":true,"href":"https:\/\/chacosintesis.com.ar\/index.php\/wp-json\/wp\/v2\/categories?post=24218"},{"taxonomy":"post_tag","embeddable":true,"href":"https:\/\/chacosintesis.com.ar\/index.php\/wp-json\/wp\/v2\/tags?post=24218"}],"curies":[{"name":"wp","href":"https:\/\/api.w.org\/{rel}","templated":true}]}}