{"id":24214,"date":"2023-07-23T12:04:44","date_gmt":"2023-07-23T15:04:44","guid":{"rendered":"https:\/\/chacosintesis.com.ar\/?p=24214"},"modified":"2023-07-23T12:06:46","modified_gmt":"2023-07-23T15:06:46","slug":"casi-3000-chaquenos-que-cumplen-16-anos-votaran-en-la-eleccion-nacional","status":"publish","type":"post","link":"https:\/\/chacosintesis.com.ar\/index.php\/casi-3000-chaquenos-que-cumplen-16-anos-votaran-en-la-eleccion-nacional\/","title":{"rendered":"Casi 3000 chaque\u00f1os que cumplen 16 a\u00f1os votar\u00e1n en la elecci\u00f3n nacional"},"content":{"rendered":"<p>El padr\u00f3n electoral por primera vez superar\u00e1 el mill\u00f3n de electores en la provincia.<\/p>\n<p>Mientras este domingo, seg\u00fan lo establecido en el cronograma electoral, se cumple el plazo para subsanar errores u omisiones existentes en el padr\u00f3n (s\u00f3lo enmienda de erratas u omisiones), se anticip\u00f3 cu\u00e1ntos son los j\u00f3venes que &#8220;los futuros electores que cumplen 16 antes del 23 de octubre argentinos nativos y por opci\u00f3n en el Chaco son 2798, es decir cerca de 3000&#8221;.<br \/>\n&#8220;Ellos ya podr\u00e1n participar, aun los que no cumplieron 16 a\u00f1os, en la Primaria, Abierta, Simult\u00e1nea y Obligatoria (PASO) y en la general que se concretar\u00e1 en octubre&#8221;, explicaron funcionarios.<br \/>\n En tanto, el padr\u00f3n chaque\u00f1o por primera vez pas\u00f3 el mill\u00f3n de electores y desde la Secretaria Electoral est\u00e1n trabajando para que las PASO se puedan desarrollar sin problemas en la provincia.<br \/>\nDurante las primarias participar\u00e1n 27 boletas presidenciales, 21 parlamentarias nacionales, 9 para diputados nacionales y 6 de parlamentarios por el distrito.<br \/>\n Se espera que al menos en cada urna est\u00e9n las boletas testigo.<br \/>\nAdem\u00e1s, cada fuerza debe presentar las listas que habr\u00e1n de colocarse no bien se abra el cuarto oscuro y despu\u00e9s para la reposici\u00f3n.<\/p>\n<p>DIARIO NORTE.-<\/p>\n","protected":false},"excerpt":{"rendered":"<p>El padr\u00f3n electoral por primera vez superar\u00e1 el mill\u00f3n de electores en la provincia. Mientras este domingo, seg\u00fan lo establecido en el cronograma electoral, se cumple el plazo para subsanar errores u omisiones existentes en el padr\u00f3n (s\u00f3lo enmienda de erratas u omisiones), se anticip\u00f3 cu\u00e1ntos son los j\u00f3venes que &#8220;los futuros electores que cumplen [&hellip;]<\/p>\n","protected":false},"author":1,"featured_media":24215,"comment_status":"closed","ping_status":"closed","sticky":false,"template":"","format":"standard","meta":{"footnotes":""},"categories":[6],"tags":[197],"class_list":{"0":"post-24214","1":"post","2":"type-post","3":"status-publish","4":"format-standard","5":"has-post-thumbnail","7":"category-chaco","8":"tag-destacada"},"_links":{"self":[{"href":"https:\/\/chacosintesis.com.ar\/index.php\/wp-json\/wp\/v2\/posts\/24214","targetHints":{"allow":["GET"]}}],"collection":[{"href":"https:\/\/chacosintesis.com.ar\/index.php\/wp-json\/wp\/v2\/posts"}],"about":[{"href":"https:\/\/chacosintesis.com.ar\/index.php\/wp-json\/wp\/v2\/types\/post"}],"author":[{"embeddable":true,"href":"https:\/\/chacosintesis.com.ar\/index.php\/wp-json\/wp\/v2\/users\/1"}],"replies":[{"embeddable":true,"href":"https:\/\/chacosintesis.com.ar\/index.php\/wp-json\/wp\/v2\/comments?post=24214"}],"version-history":[{"count":0,"href":"https:\/\/chacosintesis.com.ar\/index.php\/wp-json\/wp\/v2\/posts\/24214\/revisions"}],"wp:featuredmedia":[{"embeddable":true,"href":"https:\/\/chacosintesis.com.ar\/index.php\/wp-json\/wp\/v2\/media\/24215"}],"wp:attachment":[{"href":"https:\/\/chacosintesis.com.ar\/index.php\/wp-json\/wp\/v2\/media?parent=24214"}],"wp:term":[{"taxonomy":"category","embeddable":true,"href":"https:\/\/chacosintesis.com.ar\/index.php\/wp-json\/wp\/v2\/categories?post=24214"},{"taxonomy":"post_tag","embeddable":true,"href":"https:\/\/chacosintesis.com.ar\/index.php\/wp-json\/wp\/v2\/tags?post=24214"}],"curies":[{"name":"wp","href":"https:\/\/api.w.org\/{rel}","templated":true}]}}