{"id":24210,"date":"2023-07-22T09:10:40","date_gmt":"2023-07-22T12:10:40","guid":{"rendered":"https:\/\/chacosintesis.com.ar\/?p=24210"},"modified":"2023-07-22T09:36:38","modified_gmt":"2023-07-22T12:36:38","slug":"abarca-todo-el-chaco-un-alerta-por-viento-fuerte-hasta-el-sabado","status":"publish","type":"post","link":"https:\/\/chacosintesis.com.ar\/index.php\/abarca-todo-el-chaco-un-alerta-por-viento-fuerte-hasta-el-sabado\/","title":{"rendered":"Abarca todo el Chaco un alerta por viento fuerte hasta el s\u00e1bado"},"content":{"rendered":"<p>El Servicio Meteorol\u00f3gico Nacional emiti\u00f3 un nuevo alerta amarillo por vientos fuertes que abarca a todo el territorio chaque\u00f1o, con vigencia hasta este s\u00e1bado a las 23.59.<br \/>\n El organismo indic\u00f3 que el \u00e1rea bajo alerta ser\u00e1 afectada por vientos del sector norte, con velocidades entre 40 y 50 km\/h y r\u00e1fagas de hasta 80 km\/h.<br \/>\nAdem\u00e1s del Chaco, est\u00e1n incluidas las provincias de Formosa, Corrientes, parte de Entre R\u00edos, de Santa Fe y de Santiago del Estero, adem\u00e1s de la franja cordillerana en Mendoza y San Juan.<br \/>\nEstas condiciones con fuertes vientos predominantes del sector norte ya generaron durante este viernes inconvenientes en el sudoeste, oeste y centro chaque\u00f1o, con varias localidades afectadas por densas nubes de polvo en suspensi\u00f3n, adem\u00e1s de problemas con el suministro el\u00e9ctrico.<br \/>\nPara este s\u00e1bado en Resistencia se pronostican 32\u00b0C de temperatura m\u00e1xima, con una m\u00ednima de 21\u00b0C, y ventoso durante la madrugada y la ma\u00f1ana. Similares condiciones se mantendr\u00e1n el domingo, con cielo algo a parcialmente nublado, una m\u00ednima de 20\u00b0C y una m\u00e1xima de 31\u00b0C. Mientras que el lunes, las temperaturas comenzar\u00e1n un gradual descenso.<\/p>\n","protected":false},"excerpt":{"rendered":"<p>El Servicio Meteorol\u00f3gico Nacional emiti\u00f3 un nuevo alerta amarillo por vientos fuertes que abarca a todo el territorio chaque\u00f1o, con vigencia hasta este s\u00e1bado a las 23.59. El organismo indic\u00f3 que el \u00e1rea bajo alerta ser\u00e1 afectada por vientos del sector norte, con velocidades entre 40 y 50 km\/h y r\u00e1fagas de hasta 80 km\/h. [&hellip;]<\/p>\n","protected":false},"author":1,"featured_media":24211,"comment_status":"closed","ping_status":"closed","sticky":false,"template":"","format":"standard","meta":{"footnotes":""},"categories":[6],"tags":[197],"class_list":{"0":"post-24210","1":"post","2":"type-post","3":"status-publish","4":"format-standard","5":"has-post-thumbnail","7":"category-chaco","8":"tag-destacada"},"_links":{"self":[{"href":"https:\/\/chacosintesis.com.ar\/index.php\/wp-json\/wp\/v2\/posts\/24210","targetHints":{"allow":["GET"]}}],"collection":[{"href":"https:\/\/chacosintesis.com.ar\/index.php\/wp-json\/wp\/v2\/posts"}],"about":[{"href":"https:\/\/chacosintesis.com.ar\/index.php\/wp-json\/wp\/v2\/types\/post"}],"author":[{"embeddable":true,"href":"https:\/\/chacosintesis.com.ar\/index.php\/wp-json\/wp\/v2\/users\/1"}],"replies":[{"embeddable":true,"href":"https:\/\/chacosintesis.com.ar\/index.php\/wp-json\/wp\/v2\/comments?post=24210"}],"version-history":[{"count":0,"href":"https:\/\/chacosintesis.com.ar\/index.php\/wp-json\/wp\/v2\/posts\/24210\/revisions"}],"wp:featuredmedia":[{"embeddable":true,"href":"https:\/\/chacosintesis.com.ar\/index.php\/wp-json\/wp\/v2\/media\/24211"}],"wp:attachment":[{"href":"https:\/\/chacosintesis.com.ar\/index.php\/wp-json\/wp\/v2\/media?parent=24210"}],"wp:term":[{"taxonomy":"category","embeddable":true,"href":"https:\/\/chacosintesis.com.ar\/index.php\/wp-json\/wp\/v2\/categories?post=24210"},{"taxonomy":"post_tag","embeddable":true,"href":"https:\/\/chacosintesis.com.ar\/index.php\/wp-json\/wp\/v2\/tags?post=24210"}],"curies":[{"name":"wp","href":"https:\/\/api.w.org\/{rel}","templated":true}]}}