{"id":24202,"date":"2023-07-21T19:24:58","date_gmt":"2023-07-21T22:24:58","guid":{"rendered":"https:\/\/chacosintesis.com.ar\/?p=24202"},"modified":"2023-07-21T19:37:13","modified_gmt":"2023-07-21T22:37:13","slug":"nueva-jornada-gratuita-de-salud-comunitaria-en-wichi","status":"publish","type":"post","link":"https:\/\/chacosintesis.com.ar\/index.php\/nueva-jornada-gratuita-de-salud-comunitaria-en-wichi\/","title":{"rendered":"Nueva jornada gratuita de Salud Comunitaria en Wich\u00ed"},"content":{"rendered":"<p>Habr\u00e1 atenci\u00f3n m\u00e9dica cl\u00ednica, de enfermer\u00eda, obstetricia y pediatr\u00eda. Adem\u00e1s, se realizar\u00e1n electrocardiogramas, ecograf\u00edas y se aplicar\u00e1n vacunas del Calendario Nacional.<br \/>\nEl Ministerio de Salud P\u00fablica del Chaco, invita a participar de una nueva &#8220;Jornada de prevenci\u00f3n, atenci\u00f3n y promoci\u00f3n de la salud\u201d, en el puesto sanitario de Wich\u00ed, este s\u00e1bado 22 de julio, de 9 a 15.<br \/>\nEn la jornada, se podr\u00e1 acceder de manera gratuita a profesionales de cl\u00ednica m\u00e9dica, enfermer\u00eda, pediatr\u00eda y obstetricia. Adem\u00e1s, se realizar\u00e1n electrocardiogramas, ecograf\u00edas y aplicar vacunas del Calendario Nacional.<br \/>\nRecuerdan asistir con el documento nacional de identidad y carnet de vacunaci\u00f3n, en caso de tenerlo.<\/p>\n","protected":false},"excerpt":{"rendered":"<p>Habr\u00e1 atenci\u00f3n m\u00e9dica cl\u00ednica, de enfermer\u00eda, obstetricia y pediatr\u00eda. Adem\u00e1s, se realizar\u00e1n electrocardiogramas, ecograf\u00edas y se aplicar\u00e1n vacunas del Calendario Nacional. El Ministerio de Salud P\u00fablica del Chaco, invita a participar de una nueva &#8220;Jornada de prevenci\u00f3n, atenci\u00f3n y promoci\u00f3n de la salud\u201d, en el puesto sanitario de Wich\u00ed, este s\u00e1bado 22 de julio, de [&hellip;]<\/p>\n","protected":false},"author":1,"featured_media":24203,"comment_status":"closed","ping_status":"closed","sticky":false,"template":"","format":"standard","meta":{"footnotes":""},"categories":[6],"tags":[],"class_list":{"0":"post-24202","1":"post","2":"type-post","3":"status-publish","4":"format-standard","5":"has-post-thumbnail","7":"category-chaco"},"_links":{"self":[{"href":"https:\/\/chacosintesis.com.ar\/index.php\/wp-json\/wp\/v2\/posts\/24202","targetHints":{"allow":["GET"]}}],"collection":[{"href":"https:\/\/chacosintesis.com.ar\/index.php\/wp-json\/wp\/v2\/posts"}],"about":[{"href":"https:\/\/chacosintesis.com.ar\/index.php\/wp-json\/wp\/v2\/types\/post"}],"author":[{"embeddable":true,"href":"https:\/\/chacosintesis.com.ar\/index.php\/wp-json\/wp\/v2\/users\/1"}],"replies":[{"embeddable":true,"href":"https:\/\/chacosintesis.com.ar\/index.php\/wp-json\/wp\/v2\/comments?post=24202"}],"version-history":[{"count":0,"href":"https:\/\/chacosintesis.com.ar\/index.php\/wp-json\/wp\/v2\/posts\/24202\/revisions"}],"wp:featuredmedia":[{"embeddable":true,"href":"https:\/\/chacosintesis.com.ar\/index.php\/wp-json\/wp\/v2\/media\/24203"}],"wp:attachment":[{"href":"https:\/\/chacosintesis.com.ar\/index.php\/wp-json\/wp\/v2\/media?parent=24202"}],"wp:term":[{"taxonomy":"category","embeddable":true,"href":"https:\/\/chacosintesis.com.ar\/index.php\/wp-json\/wp\/v2\/categories?post=24202"},{"taxonomy":"post_tag","embeddable":true,"href":"https:\/\/chacosintesis.com.ar\/index.php\/wp-json\/wp\/v2\/tags?post=24202"}],"curies":[{"name":"wp","href":"https:\/\/api.w.org\/{rel}","templated":true}]}}