{"id":24200,"date":"2023-07-21T19:23:40","date_gmt":"2023-07-21T22:23:40","guid":{"rendered":"https:\/\/chacosintesis.com.ar\/?p=24200"},"modified":"2023-07-21T19:37:13","modified_gmt":"2023-07-21T22:37:13","slug":"capitanich-recorrio-empresa-metalmecanica-y-recibio-iniciativas-de-industriales-comerciantes-y-docentes","status":"publish","type":"post","link":"https:\/\/chacosintesis.com.ar\/index.php\/capitanich-recorrio-empresa-metalmecanica-y-recibio-iniciativas-de-industriales-comerciantes-y-docentes\/","title":{"rendered":"Capitanich recorri\u00f3 empresa metalmec\u00e1nica y recibi\u00f3 iniciativas de industriales, comerciantes y docentes"},"content":{"rendered":"<p>La empresa Luque Melas increment\u00f3 su capacidad instalada con l\u00edneas de financiamiento de la Provincia y ahora busca nueva inversi\u00f3n a trav\u00e9s del Fondo de Desarrollo Industrial. Vecinos del barrio Juventud tambi\u00e9n le acercaron inquietudes.<br \/>\nEn Charata, el gobernador Jorge Capitanich llev\u00f3 a adelante una vasta agenda de reuniones con el sector productivo, industrial, comercial, docentes y vecinos para recepcionar demandas y trabajar en una agenda de medidas inmediatas en respuesta a sus requerimientos.<br \/>\n\u201cEl sudoeste chaque\u00f1o, fundamentalmente Charata, tiene una gran potencialidad a partir de todas las obras de infraestructura que hemos podido ejecutar\u201d, destac\u00f3 el mandatario en su visita a la comunidad junto a funcionarios del gabinete provincial. Asimismo, sostuvo que cuando se proyecta el desarrollo de la provincia de cara a los pr\u00f3ximos a\u00f1os, la localidad y la regi\u00f3n &#8220;se ubican en un lugar estrat\u00e9gico como zona productiva de industrializaci\u00f3n con valor agregado en origen&#8221;.<br \/>\nEn la ocasi\u00f3n visit\u00f3 adem\u00e1s la empresa de servicios mec\u00e1nicos Luque Melas, un emprendimiento familiar con 40 a\u00f1os de trayectoria dedicado a la fabricaci\u00f3n y reparaci\u00f3n de embragues, as\u00ed como al equipamiento vial y agr\u00edcola. \u201cEl desarrollo de la industria metalmec\u00e1nica en el sudoeste es muy importante porque cuando hay expansi\u00f3n de la frontera agropecuaria se requiere mayor n\u00famero de maquinarias y herramientas en \u00f3ptimas condiciones\u201d, explic\u00f3.<br \/>\nEl mandatario valor\u00f3 uno de los proyectos que lleva adelante la empresa en sus talleres, donde se realizan capacitaciones gratuitas y formaci\u00f3n para estudiantes de escuelas agrot\u00e9cnicas, pensando en su futura incorporaci\u00f3n al mercado de trabajo.<br \/>\nEl emprendimiento pudo ampliar su planta y el \u00e1rea de laboratorio donde se realizan dichas pr\u00e1cticas gracias a las distintas l\u00edneas de financiamiento del Estado. Ahora, se encuentra en proceso de gesti\u00f3n un cr\u00e9dito para la incorporaci\u00f3n de nueva tecnolog\u00eda a trav\u00e9s del Fondo de Desarrollo Industrial.<br \/>\nDe las distintas reuniones participaron los ministros de Educaci\u00f3n Aldo Lineras y de Producci\u00f3n, Industria y Empleo Sebasti\u00e1n Lifton; el subsecretario de Infraestructura Escolar, Sebasti\u00e1n Aguirre; la subsecretaria de Industria Laura Binaghi y su par de Comercio Exterior y Defensa de la Competencia Ludmila Voloj; la diputada Mar\u00eda Luisa Chomiak, la intendenta de Charata Alejandra Campos y la vocal de Sameep Liliana Spoljaric.<br \/>\nReuni\u00f3n con productores e industriales<br \/>\nLa reuni\u00f3n con productores gir\u00f3 en torno a diversos temas de inter\u00e9s para el sector, fundamentalmente, el ordenamiento territorial del bosque nativo. Se abord\u00f3 el fallo de la C\u00e1mara en lo Contencioso Administrativo de Resistencia que dictamin\u00f3 la plena vigencia de la Ley de Ordenamiento Territorial.<br \/>\nAl respecto, Capitanich \u2013que estuvo acompa\u00f1ado por el ministro de Producci\u00f3n, Industria y Empleo Sebasti\u00e1n Lifton- consider\u00f3 importante avanzar con un decreto para el aprovechamiento sostenible del bosque nativo, con un sistema de penalizaci\u00f3n severa para los desmontes ilegales y poner en vigencia los 41 permisos de 15 mil hect\u00e1reas que estaban paralizados.<br \/>\n\u201cCreemos que es imprescindible compatibilizar el crecimiento agropecuario y la expansi\u00f3n de la frontera agropecuaria conjuntamente con la sostenibilidad ambiental\u201d, dijo. Por otro lado, trataron la emergencia agropecuaria y la asistencia a 2.225 productores con 790 millones de pesos (400 millones para el sector agr\u00edcola y 390 para el ganadero). \u201cEsto pretendemos que se implemente en los pr\u00f3ximos 15 d\u00edas\u201d, inform\u00f3 al respecto.<br \/>\nRa\u00fal Bravo, productor y concejal de la comuna, valor\u00f3 la predisposici\u00f3n del gobernador para trabajar en una agenda concreta con las demandas del sector y celebr\u00f3 la habilitaci\u00f3n de los permisos de la Ley de Bosques. \u201cFue una muy buena reuni\u00f3n; celebramos las propuestas del gobierno\u201d, dijo.<br \/>\nObras energ\u00e9ticas para llegar a 1.500 productores con la extensi\u00f3n del tendido el\u00e9ctrico y 100 nuevos postes de cemento, m\u00e1s el avance de las obras de los Bajos Submeridionales, tambi\u00e9n formaron parte del encuentro.<br \/>\nLuego se reuni\u00f3 con industriales y usuarios del parque industrial de la localidad con quienes dialog\u00f3 sobre los proyectos para el aprovechamiento de la capacidad instalada del predio y medidas para seguir incentivando las cadenas de valor. Tambi\u00e9n estuvieron presentes representantes de la c\u00e1mara de comercio local.<br \/>\nReuni\u00f3n con vecinos y docentes<br \/>\nFinalmente, el gobernador se reuni\u00f3 con vecinos y vecinas del barrio Juventud para tratar las principales demandas de la barriada y el plan de obras que el Ejecutivo provincial est\u00e1 llevando adelante en esa localidad. \u201cEn Charata hemos cumplido con los tres objetivos que nos propusimos en el 2019\u201d, asegur\u00f3 el gobernador y cit\u00f3 las obras de agua potable, la refacci\u00f3n del hospital y el pavimento urbano.<br \/>\n\u201cTenemos 12.500 usuarios que reciben el agua en forma diaria, regular y de buena calidad; en tanto que la ampliaci\u00f3n y remodelaci\u00f3n del hospital est\u00e1 en la parte final de instrumentaci\u00f3n, y ejecutamos 34 cuadras de pavimento pero llegaremos a cerca de 173 en las tres gestiones\u201d, detall\u00f3.<br \/>\nTambi\u00e9n mencion\u00f3 otras obras de gran envergadura como la repavimentaci\u00f3n de la ruta 89, la conectividad a trav\u00e9s de la red de fibra \u00f3ptica, la red de gas, la expansi\u00f3n del sistema cloacal y la energ\u00eda el\u00e9ctrica rural, entre otras.<br \/>\nLa intendenta Alejandra Campos celebr\u00f3 la visita del gobernador a la localidad y el di\u00e1logo con cada sector. &#8220;Tenemos muchas obras en ejecuci\u00f3n&#8221;, resalt\u00f3 y asegur\u00f3 que seguir\u00e1n trabajando en conjunto provincia y municipios.<br \/>\nEn tanto que Susana Taboada, vecina del barrio Juventud, valor\u00f3 la gesti\u00f3n del gobernador por las m\u00faltiples obras que ejecut\u00f3 en Charata. &#8220;Es la primera vez en 55 a\u00f1os que tengo la oportunidad de hablar con un gobernador. Estoy muy contenta porque hay un gran progreso en la zona gracias a la gesti\u00f3n del gobierno&#8221;, expres\u00f3.<br \/>\nEn la reuni\u00f3n con directores y directoras de escuelas p\u00fablicas y de gesti\u00f3n privada, el gobernador junto al ministro de Educaci\u00f3n, Aldo Lineras, evaluaron el funcionamiento del sistema educativo en la comuna. Continuidad pedag\u00f3gica, rendimiento acad\u00e9mico e implementaci\u00f3n del sistema alimentario escolar, fueron algunos de los temas abordados. Tambi\u00e9n analizaron el avance del plan de obras de infraestructura escolar.<\/p>\n","protected":false},"excerpt":{"rendered":"<p>La empresa Luque Melas increment\u00f3 su capacidad instalada con l\u00edneas de financiamiento de la Provincia y ahora busca nueva inversi\u00f3n a trav\u00e9s del Fondo de Desarrollo Industrial. Vecinos del barrio Juventud tambi\u00e9n le acercaron inquietudes. En Charata, el gobernador Jorge Capitanich llev\u00f3 a adelante una vasta agenda de reuniones con el sector productivo, industrial, comercial, [&hellip;]<\/p>\n","protected":false},"author":1,"featured_media":24201,"comment_status":"closed","ping_status":"closed","sticky":false,"template":"","format":"standard","meta":{"footnotes":""},"categories":[6],"tags":[],"class_list":{"0":"post-24200","1":"post","2":"type-post","3":"status-publish","4":"format-standard","5":"has-post-thumbnail","7":"category-chaco"},"_links":{"self":[{"href":"https:\/\/chacosintesis.com.ar\/index.php\/wp-json\/wp\/v2\/posts\/24200","targetHints":{"allow":["GET"]}}],"collection":[{"href":"https:\/\/chacosintesis.com.ar\/index.php\/wp-json\/wp\/v2\/posts"}],"about":[{"href":"https:\/\/chacosintesis.com.ar\/index.php\/wp-json\/wp\/v2\/types\/post"}],"author":[{"embeddable":true,"href":"https:\/\/chacosintesis.com.ar\/index.php\/wp-json\/wp\/v2\/users\/1"}],"replies":[{"embeddable":true,"href":"https:\/\/chacosintesis.com.ar\/index.php\/wp-json\/wp\/v2\/comments?post=24200"}],"version-history":[{"count":0,"href":"https:\/\/chacosintesis.com.ar\/index.php\/wp-json\/wp\/v2\/posts\/24200\/revisions"}],"wp:featuredmedia":[{"embeddable":true,"href":"https:\/\/chacosintesis.com.ar\/index.php\/wp-json\/wp\/v2\/media\/24201"}],"wp:attachment":[{"href":"https:\/\/chacosintesis.com.ar\/index.php\/wp-json\/wp\/v2\/media?parent=24200"}],"wp:term":[{"taxonomy":"category","embeddable":true,"href":"https:\/\/chacosintesis.com.ar\/index.php\/wp-json\/wp\/v2\/categories?post=24200"},{"taxonomy":"post_tag","embeddable":true,"href":"https:\/\/chacosintesis.com.ar\/index.php\/wp-json\/wp\/v2\/tags?post=24200"}],"curies":[{"name":"wp","href":"https:\/\/api.w.org\/{rel}","templated":true}]}}