{"id":24198,"date":"2023-07-21T19:15:44","date_gmt":"2023-07-21T22:15:44","guid":{"rendered":"https:\/\/chacosintesis.com.ar\/?p=24198"},"modified":"2023-07-21T19:37:11","modified_gmt":"2023-07-21T22:37:11","slug":"capitanich-inauguro-pavimento-y-superviso-obras-en-villa-angela","status":"publish","type":"post","link":"https:\/\/chacosintesis.com.ar\/index.php\/capitanich-inauguro-pavimento-y-superviso-obras-en-villa-angela\/","title":{"rendered":"Capitanich inaugur\u00f3 pavimento y supervis\u00f3 obras en Villa \u00c1ngela"},"content":{"rendered":"<p>Junto a vecinos y vecinas, el gobernador habilit\u00f3 la pavimentaci\u00f3n de nueve cuadras y verific\u00f3 los avances de la readecuaci\u00f3n del canal R\u00edo Muerto, obra clave para el desarrollo del sector productivo y la mitigaci\u00f3n de inundaciones. Adem\u00e1s, en diferentes reuniones, diagram\u00f3 una agenda de trabajo con ladrilleros, comerciantes e industriales de la ciudad. El gobernador Jorge Capitanich, acompa\u00f1ado del intendente Adalberto Pap, inaugur\u00f3 nueve cuadras de pavimento urbano en Villa \u00c1ngela. Antes, recorri\u00f3 los trabajos de readecuaci\u00f3n que se realizan sobre el canal R\u00edo Muerto, obra clave para impulsar el desarrollo productivo de la zona y mitigar el impacto de las grandes lluvias. Asimismo, el mandatario mantuvo varias reuniones con vecinos, ladrilleros, comerciantes e industriales de la ciudad, con el objetivo de atender demandas y elaborar un plan de trabajo conjunto, que permitan elevar la calidad de vida de la comunidad. \u201cRealmente ha sido una jornada muy fruct\u00edfera para toda la ciudad. No solo con las inauguraciones, sino con la escucha activa que hemos mantenido con distintos sectores, que en definitiva es lo que nos permite perfeccionar las pol\u00edticas p\u00fablicas en t\u00e9rminos de dise\u00f1o y ejecuci\u00f3n\u201d, manifest\u00f3 Capitanich. El gobernador inaugur\u00f3 la pavimentaci\u00f3n de nueve cuadras, obra que demand\u00f3 una inversi\u00f3n de 147 millones de pesos, por parte del Ministerio de Planificaci\u00f3n, Econom\u00eda e Infraestructura y de la Direcci\u00f3n de Vialidad Provincial. \u201cEstas cuadras que inauguramos junto a vecinos y vecinas implican un gran impacto en la calidad de vida, como tambi\u00e9n en el desarrollo social y econ\u00f3mico de la localidad\u201d, coment\u00f3 Capitanich, quien estuvo acompa\u00f1ado por el titular de la mencionada cartera, Santiago P\u00e9rez Pons. El proyecto consisti\u00f3 en la ejecuci\u00f3n de nueve cuadras de pavimento r\u00edgido con cord\u00f3n integral sobre las calles Balcarce, 9 de Julio, Ingeniero Wilde, Jos\u00e9 Guevara y Mariano Moreno, adem\u00e1s de realizar sus correspondientes desag\u00fces pluviales y un conducto de mamposter\u00eda para asegurar el escurrimiento proveniente de la calle 9 de Julio, que significa un punto bajo en el ejido proyectado. El intendente de Villa \u00c1ngela, Adalberto Pap, destac\u00f3 la obra y sostuvo: \u201cRealmente estamos muy contentos porque era una zona en la que faltaba una intervenci\u00f3n de estas caracter\u00edsticas. Los vecinos a veces no tienen noci\u00f3n de lo que cuesta realizar una cuadra de pavimento, pero ac\u00e1 existe una voluntad y una decisi\u00f3n pol\u00edtica del Gobierno provincial y municipal para seguir construyendo obras para mejorar la calidad de vida de nuestros habitantes\u201d. Seguidamente, Capitanich mantuvo una reuni\u00f3n con vecinos y vecinas, ladrilleros y representantes de la C\u00e1mara de Comercio local con el fin de atender demandas, planificar acciones y construir una agenda de trabajo en conjunto. Algunos de los temas planteados ante el mandatario fueron el acceso al agua potable, ripio, la importancia de la ruta 13, el asfalto hacia el aeroclub y optimizar el sistema energ\u00e9tico con vistas al pr\u00f3ximo verano. \u201cAcordamos junto a los ladrilleros un plan de 52 viviendas con alumbrado p\u00fablico para la localidad, que se van a completar en conjunto con el municipio\u201d, anunci\u00f3 el gobernador, quien tambi\u00e9n destac\u00f3 que con los comerciantes \u201ctrabajaremos en distintos mecanismos de potenciaci\u00f3n de distintos programas de empleo, as\u00ed como tambi\u00e9n en el mejoramiento de obras de infraestructura para optimizar el comercio de la localidad\u201d. En este marco, el presidente de la C\u00e1mara de Comercio de Villa \u00c1ngela, Hugo Kamber, destac\u00f3 que \u201cpara nosotros es muy importante tener a estos funcionarios en nuestra casa porque hace muchos a\u00f1os que no contamos con un gesto como este. Los comerciantes se mostraron muy interesados en contarle al gobernador c\u00f3mo est\u00e1 el sector, sobre todo despu\u00e9s de la pandemia, y transmitirle sus necesidades y propuestas\u201d.<br \/>\nLimpieza del canal R\u00edo Muerto Durante su paso por Villa \u00c1ngela, Capitanich realiz\u00f3 un recorrido por el canal R\u00edo Muerto y las alcantarillas de bajos submeridionales de la zona. Dicha regi\u00f3n ha recibido en los \u00faltimos tres a\u00f1os eventos de intensas precipitaciones que han provocado inundaciones rurales. La ausencia de una red de escurrimiento natural en la cuenca motiv\u00f3 la construcci\u00f3n de canales de saneamiento que colaboran con la salida del agua, aunque se encuentran en avanzado deterioro por alcanzar en algunos casos m\u00e1s de 40 a\u00f1os de antig\u00fcedad. En este contexto, se est\u00e1 trabajando en la adecuaci\u00f3n del Canal R\u00edo Muerto\u2013Las Colonias, que tiene una extensi\u00f3n de m\u00e1s de 100 kil\u00f3metros y brinda saneamiento a una cuenca de aproximadamente 230.775 hect\u00e1reas, pertenecientes a la zona dorsal agr\u00edcola de la provincia. Los tramos en espec\u00edfico son el III, IV y V del canal, para permitir la conducci\u00f3n de los excesos h\u00eddricos generados a zonas de descargas m\u00e1s apropiadas. Sobre esto, el intendente Pap coment\u00f3 que \u201cla limpieza de este canal es una materia que se est\u00e1 pidiendo hace a\u00f1os, porque nos gener\u00f3 muchos problemas en grandes lluvias que tuvimos en el pasado. Y hoy en d\u00eda por suerte lo estamos haciendo, d\u00f3nde nos faltan solo los 17 kil\u00f3metros finales. Esta es una noticia muy importante para todos los productores de la zona\u201d. Estuvieron presentes durante las actividades el ministro de Planificaci\u00f3n, Econom\u00eda e Infraestructura, Santiago P\u00e9rez Pons; el subsecretario de Coordinaci\u00f3n Presupuestaria y Financiera, Luciano Moser; el vocal del Instituto Provincial de Desarrollo Urbano y Vivienda, Mariano Brahim; la diputada nacional, Mar\u00eda Luisa Chomiak; y la vocal de Sameep, Liliana Spoljaric.<\/p>\n","protected":false},"excerpt":{"rendered":"<p>Junto a vecinos y vecinas, el gobernador habilit\u00f3 la pavimentaci\u00f3n de nueve cuadras y verific\u00f3 los avances de la readecuaci\u00f3n del canal R\u00edo Muerto, obra clave para el desarrollo del sector productivo y la mitigaci\u00f3n de inundaciones. Adem\u00e1s, en diferentes reuniones, diagram\u00f3 una agenda de trabajo con ladrilleros, comerciantes e industriales de la ciudad. El [&hellip;]<\/p>\n","protected":false},"author":1,"featured_media":24199,"comment_status":"closed","ping_status":"closed","sticky":false,"template":"","format":"standard","meta":{"footnotes":""},"categories":[6],"tags":[],"class_list":{"0":"post-24198","1":"post","2":"type-post","3":"status-publish","4":"format-standard","5":"has-post-thumbnail","7":"category-chaco"},"_links":{"self":[{"href":"https:\/\/chacosintesis.com.ar\/index.php\/wp-json\/wp\/v2\/posts\/24198","targetHints":{"allow":["GET"]}}],"collection":[{"href":"https:\/\/chacosintesis.com.ar\/index.php\/wp-json\/wp\/v2\/posts"}],"about":[{"href":"https:\/\/chacosintesis.com.ar\/index.php\/wp-json\/wp\/v2\/types\/post"}],"author":[{"embeddable":true,"href":"https:\/\/chacosintesis.com.ar\/index.php\/wp-json\/wp\/v2\/users\/1"}],"replies":[{"embeddable":true,"href":"https:\/\/chacosintesis.com.ar\/index.php\/wp-json\/wp\/v2\/comments?post=24198"}],"version-history":[{"count":0,"href":"https:\/\/chacosintesis.com.ar\/index.php\/wp-json\/wp\/v2\/posts\/24198\/revisions"}],"wp:featuredmedia":[{"embeddable":true,"href":"https:\/\/chacosintesis.com.ar\/index.php\/wp-json\/wp\/v2\/media\/24199"}],"wp:attachment":[{"href":"https:\/\/chacosintesis.com.ar\/index.php\/wp-json\/wp\/v2\/media?parent=24198"}],"wp:term":[{"taxonomy":"category","embeddable":true,"href":"https:\/\/chacosintesis.com.ar\/index.php\/wp-json\/wp\/v2\/categories?post=24198"},{"taxonomy":"post_tag","embeddable":true,"href":"https:\/\/chacosintesis.com.ar\/index.php\/wp-json\/wp\/v2\/tags?post=24198"}],"curies":[{"name":"wp","href":"https:\/\/api.w.org\/{rel}","templated":true}]}}